{"id":180734,"date":"2023-12-14T21:00:40","date_gmt":"2023-12-14T20:00:40","guid":{"rendered":"http:\/\/www.messinaoggi.it\/website\/?p=180734"},"modified":"2023-12-14T21:00:42","modified_gmt":"2023-12-14T20:00:42","slug":"ponte-stretto-siracusano-sacrosanta-compartecipazione-sicilia-lequivoco-sara-superato","status":"publish","type":"post","link":"https:\/\/www.messinaoggi.it\/website\/2023\/12\/14\/ponte-stretto-siracusano-sacrosanta-compartecipazione-sicilia-lequivoco-sara-superato\/","title":{"rendered":"Ponte Stretto. Siracusano: &#8220;Sacrosanta compartecipazione Sicilia, l&#8217;equivoco sar\u00e0 superato&#8221;"},"content":{"rendered":"\n<p>&#8220;La compartecipazione delle Regioni Sicilia e Calabria al finanziamento del Ponte sullo Stretto di Messina era gi\u00e0 stata concordata con il ministro Salvini. Il presidente Schifani non ha detto di non voler partecipare al finanziamento dell\u2019opera, c\u2019\u00e8 un equivoco su 300 milioni in pi\u00f9 chiesti dal governo. La Sicilia aveva invece deliberato per stanziare 1 miliardo di euro&#8221;.<br>Lo ha detto Matilde Siracusano, sottosegretario ai Rapporti con il Parlamento e deputata di Forza Italia, intervenendo a \u201cTagad\u00e0\u201d, su La7.<br>\u201cTutto questo pu\u00f2 essere superato e chiarito attraverso la stesura dell\u2019accordo di coesione che verr\u00e0 negoziato con il ministro Raffaele Fitto, in quella sede si stabiliranno tutti i progetti che verranno finanziati con il Fondo sviluppo e coesione, e la Sicilia avr\u00e0 pi\u00f9 di 6 miliardi di euro per opere pubbliche.Ricordo che in passato le Regioni del Mezzogiorno hanno avuto difficolt\u00e0 nella spesa di queste risorse, che spesso sono state restituite, adesso grazie al decreto Sud avremo strumenti nuovi per rendere la spesa dei fondi europei pi\u00f9 efficiente e rapida. \u00c8 sacrosanto che Sicilia e Calabria partecipino in parte al finanziamento dell\u2019opera perch\u00e9 il costo del Ponte \u00e8 di circa 5 miliardi, e serve a tutto il Paese, il resto delle risorse preventivate in legge di bilancio saranno impiegate per le opere complementari, come ad esempio collegamenti ferroviari ed autostradali, riqualificazione del waterfront, metropolitana di Messina, che interesseranno queste due Regioni\u201d.<div id=\"div-gpt-ad-Messinaoggi.it-DSK-300x250-corpoart\" style=\"text-align:center;margin:0 auto;\"><\/div><\/p>\n<div id=\"videoincontent\" style=\"clear:both\";><\/div>","protected":false},"excerpt":{"rendered":"<p>&#8220;La compartecipazione delle Regioni Sicilia e Calabria al finanziamento del Ponte sullo Stretto di Messina era gi\u00e0 stata concordata con il ministro Salvini. Il presidente Schifani non ha detto di non voler partecipare al finanziamento dell\u2019opera, c\u2019\u00e8 un equivoco su 300 milioni in pi\u00f9 chiesti dal governo. La Sicilia aveva invece deliberato per stanziare 1 [&hellip;]<\/p>\n","protected":false},"author":4,"featured_media":146843,"comment_status":"open","ping_status":"open","sticky":false,"template":"","format":"standard","meta":{"ub_ctt_via":"","_mi_skip_tracking":false},"categories":[6],"tags":[624,623],"featured_image_src":"https:\/\/www.messinaoggi.it\/website\/wp-content\/uploads\/2023\/03\/0-4-e1679050488178.jpg","author_info":{"display_name":"redme","author_link":"https:\/\/www.messinaoggi.it\/website\/author\/redme\/"},"digistream_id":0,"digistream":false,"_links":{"self":[{"href":"https:\/\/www.messinaoggi.it\/website\/wp-json\/wp\/v2\/posts\/180734"}],"collection":[{"href":"https:\/\/www.messinaoggi.it\/website\/wp-json\/wp\/v2\/posts"}],"about":[{"href":"https:\/\/www.messinaoggi.it\/website\/wp-json\/wp\/v2\/types\/post"}],"author":[{"embeddable":true,"href":"https:\/\/www.messinaoggi.it\/website\/wp-json\/wp\/v2\/users\/4"}],"replies":[{"embeddable":true,"href":"https:\/\/www.messinaoggi.it\/website\/wp-json\/wp\/v2\/comments?post=180734"}],"version-history":[{"count":1,"href":"https:\/\/www.messinaoggi.it\/website\/wp-json\/wp\/v2\/posts\/180734\/revisions"}],"predecessor-version":[{"id":180735,"href":"https:\/\/www.messinaoggi.it\/website\/wp-json\/wp\/v2\/posts\/180734\/revisions\/180735"}],"wp:featuredmedia":[{"embeddable":true,"href":"https:\/\/www.messinaoggi.it\/website\/wp-json\/wp\/v2\/media\/146843"}],"wp:attachment":[{"href":"https:\/\/www.messinaoggi.it\/website\/wp-json\/wp\/v2\/media?parent=180734"}],"wp:term":[{"taxonomy":"category","embeddable":true,"href":"https:\/\/www.messinaoggi.it\/website\/wp-json\/wp\/v2\/categories?post=180734"},{"taxonomy":"post_tag","embeddable":true,"href":"https:\/\/www.messinaoggi.it\/website\/wp-json\/wp\/v2\/tags?post=180734"}],"curies":[{"name":"wp","href":"https:\/\/api.w.org\/{rel}","templated":true}]}}