{"id":18072,"date":"2018-04-10T18:27:05","date_gmt":"2018-04-10T16:27:05","guid":{"rendered":"http:\/\/www.messinaoggi.it\/website\/?p=18072"},"modified":"2018-04-10T18:27:05","modified_gmt":"2018-04-10T16:27:05","slug":"la-scuola-di-silvio-orlando-e-vittoria-belvedere-debutta-al-teatro-vittorio-emanuele","status":"publish","type":"post","link":"https:\/\/www.messinaoggi.it\/website\/2018\/04\/10\/la-scuola-di-silvio-orlando-e-vittoria-belvedere-debutta-al-teatro-vittorio-emanuele\/","title":{"rendered":"La Scuola di Silvio Orlando e Vittoria Belvedere debutta al Teatro Vittorio Emanuele"},"content":{"rendered":"<p>Ancora un weekend\u00a0 all\u2019insegna del grande spettacolo al Teatro Vittorio Emanuele. \u00a0Venerd\u00ec, infatti, alle ore 21.00, andr\u00e0 in scena la pi\u00e8ce dal titolo La Scuola, protagonisti Silvio Orlando e Vittoria Belvedere. \u201c\u2026 Il testo \u00e8 tratto dalla produzione letteraria di Domenico Starnone. Siamo in tempo di scrutini in IV D. Un gruppo di insegnanti deve decidere il futuro dei loro studenti. Di tanto in tanto, in questo ambiente circoscritto, filtra la realt\u00e0 esterna.\u00a0Dal confronto tra speranze, ambizioni, conflitti sociali e personali, amori, amicizie \u00a0Il dialogo brillante e le situazioni paradossali lo rendono uno spettacolo irresistibilmente comico\u201d.<br \/>\n<img loading=\"lazy\" class=\"alignnone size-medium wp-image-18074\" src=\"http:\/\/www.messinaoggi.it\/website\/wp-content\/uploads\/2018\/04\/BELVEDERE-REGISTRO-200x300.jpg\" alt=\"\" width=\"200\" height=\"300\" \/><br \/>\nIn tale occasione \u00a0Il Teatro di Messina ripropone, nella giornata di sabato, alle ore 18.00, presso il Foyer al secondo piano del teatro, \u00a0l\u2019appuntamento con i protagonisti dello spettacolo con l\u2019obiettivo di attivare il dialogo tra artisti, studenti, critici e spettatori.<br \/>\nAll\u2019incontro, oltre al Presidente dell\u2019Ente Luciano Fiorino e alla Direttrice artistica della sezione Prosa Simona Celi, prenderanno parte il Prof. Dario De Salvo, (Professore aggregato di Storia dell\u2019educazione presso il Dipartimento di Scienze Cognitive, Psicologiche, Pedagogiche e degli Studi Culturali dell\u2019Universit\u00e0 di Messina), Silvio Orlando, Vittoria Belvedere e gli altri attori della compagnia.<br \/>\n<img loading=\"lazy\" class=\"alignnone size-medium wp-image-18075\" src=\"http:\/\/www.messinaoggi.it\/website\/wp-content\/uploads\/2018\/04\/cozzolino_ok-200x300.jpg\" alt=\"\" width=\"200\" height=\"300\" \/><br \/>\nL\u2019iniziativa, diretta in particolare agli studenti universitari, rientra nell\u2019ambito della convenzione tra l\u2019Universit\u00e0 e l\u2019Ente Teatro, che offre tra l\u2019altro a studenti e dipendenti la possibilit\u00e0 di acquistare i tagliandi di ingresso al \u201cVittorio Emanuele\u201d a prezzi particolarmente vantaggiosi.<br \/>\nLo spettacolo sar\u00e0 replicato sabato alle ore 21.00 e domenica alle ore 17.30 per regalare agli spettatori\u00a0 un weekend di puro relax.<br \/>\n <div id=\"div-gpt-ad-Messinaoggi.it-DSK-300x250-corpoart\" style=\"text-align:center;margin:0 auto;\"><\/div><\/p>\n<div id=\"videoincontent\" style=\"clear:both\";><\/div>","protected":false},"excerpt":{"rendered":"<p>Ancora un weekend\u00a0 all\u2019insegna del grande spettacolo al Teatro Vittorio Emanuele. \u00a0Venerd\u00ec, infatti, alle ore 21.00, andr\u00e0 in scena la pi\u00e8ce dal titolo La Scuola, protagonisti Silvio Orlando e Vittoria Belvedere. \u201c\u2026 Il testo \u00e8 tratto dalla produzione letteraria di Domenico Starnone. Siamo in tempo di scrutini in IV D. Un gruppo di insegnanti deve [&hellip;]<\/p>\n","protected":false},"author":5,"featured_media":18073,"comment_status":"closed","ping_status":"open","sticky":false,"template":"","format":"standard","meta":{"ub_ctt_via":"","_mi_skip_tracking":false},"categories":[17],"tags":[],"featured_image_src":"https:\/\/www.messinaoggi.it\/website\/wp-content\/uploads\/2018\/04\/Silvio-1.jpg","author_info":{"display_name":"Maria Antonella Saia","author_link":"https:\/\/www.messinaoggi.it\/website\/author\/m-saia\/"},"digistream_id":0,"digistream":false,"_links":{"self":[{"href":"https:\/\/www.messinaoggi.it\/website\/wp-json\/wp\/v2\/posts\/18072"}],"collection":[{"href":"https:\/\/www.messinaoggi.it\/website\/wp-json\/wp\/v2\/posts"}],"about":[{"href":"https:\/\/www.messinaoggi.it\/website\/wp-json\/wp\/v2\/types\/post"}],"author":[{"embeddable":true,"href":"https:\/\/www.messinaoggi.it\/website\/wp-json\/wp\/v2\/users\/5"}],"replies":[{"embeddable":true,"href":"https:\/\/www.messinaoggi.it\/website\/wp-json\/wp\/v2\/comments?post=18072"}],"version-history":[{"count":0,"href":"https:\/\/www.messinaoggi.it\/website\/wp-json\/wp\/v2\/posts\/18072\/revisions"}],"wp:featuredmedia":[{"embeddable":true,"href":"https:\/\/www.messinaoggi.it\/website\/wp-json\/wp\/v2\/media\/18073"}],"wp:attachment":[{"href":"https:\/\/www.messinaoggi.it\/website\/wp-json\/wp\/v2\/media?parent=18072"}],"wp:term":[{"taxonomy":"category","embeddable":true,"href":"https:\/\/www.messinaoggi.it\/website\/wp-json\/wp\/v2\/categories?post=18072"},{"taxonomy":"post_tag","embeddable":true,"href":"https:\/\/www.messinaoggi.it\/website\/wp-json\/wp\/v2\/tags?post=18072"}],"curies":[{"name":"wp","href":"https:\/\/api.w.org\/{rel}","templated":true}]}}