{"id":18065,"date":"2018-04-10T15:41:10","date_gmt":"2018-04-10T13:41:10","guid":{"rendered":"http:\/\/www.messinaoggi.it\/website\/?p=18065"},"modified":"2018-04-10T15:41:10","modified_gmt":"2018-04-10T13:41:10","slug":"mercato-zaera-a-chi-pagare-la-luce","status":"publish","type":"post","link":"https:\/\/www.messinaoggi.it\/website\/2018\/04\/10\/mercato-zaera-a-chi-pagare-la-luce\/","title":{"rendered":"Mercato Zaera, a chi pagare la luce?"},"content":{"rendered":"<p style=\"text-align: justify\">Sembrava tutto pronto ed invece si dovr\u00e0 ancora attendere per il trasferimento del mercato Ittico al mercato Zaera, atteso dagli operatori da oltre vent\u2019anni. Il definitivo via libera \u00e8 arrivato l\u20198 novembre scorso, dopo l\u2019approvazione della delibera da parte del Consiglio Comunale, che sembrava aver aperto alla possibilit\u00e0 affinch\u00e8 il trasferimento si potesse concretizzare entro le scorse festivit\u00e0 natalizie Speranza vanificata, anche perch\u00e9 l\u2019intera area mercatale doveva essere adeguata alle normative imposte dall\u2019Asp.<div id=\"div-gpt-ad-Messinaoggi.it-DSK-300x250-corpoart\" style=\"text-align:center;margin:0 auto;\"><\/div><\/p>\n<p style=\"text-align: justify\">Risolto un problema ecco che ne nasce subito un altro. Questa mattina, in occasione della seduta della III commissione presieduta da Nora Scuderi, \u00e8 stato posto l\u2019accento su un credito che l\u2019Agenzia delle Entrate vanterebbe nei confronti dell\u2019Eni che di fatto non permette che venga azionato l\u2019allaccio all\u2019energia elettrica. Il Comune deve valutare l\u2019entit\u00e0 del credito, ma soprattutto deve sapere a chi pagare le bollette, se all\u2019Eni o all\u2019Agenzia delle Entrate. Fino a quel momento sar\u00e0 impossibile l\u2019affitto dei box, quindi tutto ancora rinviato. Una problematica che di fatto blocca pure un altro trasferimento, seppur temporaneo. Quello dei cinque operatori del mercato delle pulci di viale Europa al mercato Ittico,<div id=\"videoincontent\" style=\"clear:both\";><\/div><\/p>\n","protected":false},"excerpt":{"rendered":"<p>Sembrava tutto pronto ed invece si dovr\u00e0 ancora attendere per il trasferimento del mercato Ittico al mercato Zaera, atteso dagli operatori da oltre vent\u2019anni. Il definitivo via libera \u00e8 arrivato l\u20198 novembre scorso, dopo l\u2019approvazione della delibera da parte del Consiglio Comunale, che sembrava aver aperto alla possibilit\u00e0 affinch\u00e8 il trasferimento si potesse concretizzare entro [&hellip;]<\/p>\n","protected":false},"author":14,"featured_media":11736,"comment_status":"closed","ping_status":"open","sticky":false,"template":"","format":"standard","meta":{"ub_ctt_via":"","_mi_skip_tracking":false},"categories":[6],"tags":[],"featured_image_src":"https:\/\/www.messinaoggi.it\/website\/wp-content\/uploads\/2017\/11\/consiglio-comunale-generico-messinaoggi.jpg","author_info":{"display_name":"Antonio Macauda","author_link":"https:\/\/www.messinaoggi.it\/website\/author\/a-macauda\/"},"digistream_id":0,"digistream":false,"_links":{"self":[{"href":"https:\/\/www.messinaoggi.it\/website\/wp-json\/wp\/v2\/posts\/18065"}],"collection":[{"href":"https:\/\/www.messinaoggi.it\/website\/wp-json\/wp\/v2\/posts"}],"about":[{"href":"https:\/\/www.messinaoggi.it\/website\/wp-json\/wp\/v2\/types\/post"}],"author":[{"embeddable":true,"href":"https:\/\/www.messinaoggi.it\/website\/wp-json\/wp\/v2\/users\/14"}],"replies":[{"embeddable":true,"href":"https:\/\/www.messinaoggi.it\/website\/wp-json\/wp\/v2\/comments?post=18065"}],"version-history":[{"count":0,"href":"https:\/\/www.messinaoggi.it\/website\/wp-json\/wp\/v2\/posts\/18065\/revisions"}],"wp:featuredmedia":[{"embeddable":true,"href":"https:\/\/www.messinaoggi.it\/website\/wp-json\/wp\/v2\/media\/11736"}],"wp:attachment":[{"href":"https:\/\/www.messinaoggi.it\/website\/wp-json\/wp\/v2\/media?parent=18065"}],"wp:term":[{"taxonomy":"category","embeddable":true,"href":"https:\/\/www.messinaoggi.it\/website\/wp-json\/wp\/v2\/categories?post=18065"},{"taxonomy":"post_tag","embeddable":true,"href":"https:\/\/www.messinaoggi.it\/website\/wp-json\/wp\/v2\/tags?post=18065"}],"curies":[{"name":"wp","href":"https:\/\/api.w.org\/{rel}","templated":true}]}}