{"id":180634,"date":"2023-12-14T08:56:37","date_gmt":"2023-12-14T07:56:37","guid":{"rendered":"http:\/\/www.messinaoggi.it\/website\/?p=180634"},"modified":"2023-12-14T08:56:38","modified_gmt":"2023-12-14T07:56:38","slug":"carta-dedicata-a-te-slitta-al-31-gennaio-la-scadenza-per-il-ritirarla-o-usarla","status":"publish","type":"post","link":"https:\/\/www.messinaoggi.it\/website\/2023\/12\/14\/carta-dedicata-a-te-slitta-al-31-gennaio-la-scadenza-per-il-ritirarla-o-usarla\/","title":{"rendered":"Carta \u201cDedicata a te\u201d, slitta al 31 gennaio la scadenza per il ritirarla o usarla"},"content":{"rendered":"\n<p>Prorogato al 31 gennaio 2024 il ritiro o l\u2019uso della \u201cDedicata a te\u201d, carta a sostegno delle famiglie per l\u2019acquisto dei beni di prima necessit\u00e0. Con decreto del Ministro delle imprese e del made in Italy del 29 novembre 2023 sono stati prorogati i termini per il ritiro e l\u2019attivazione delle carte \u201cDedicata a te\u201d. In favore dei beneficiari gi\u00e0 individuati dall\u2019INPS che, pur avendo ritirato la card dall\u2019ufficio postale, non hanno effettuato alcun acquisto entro il termine precedentemente fissato del 15 settembre, Poste Italiane spa provveder\u00e0 a sbloccare la carta prepagata disponendo il nuovo termine per l\u2019effettuazione del primo pagamento al 31 gennaio 2024.<div id=\"div-gpt-ad-Messinaoggi.it-DSK-300x250-corpoart\" style=\"text-align:center;margin:0 auto;\"><\/div><\/p>\n\n\n\n<p>Analogamente, coloro che risultano beneficiari ma non hanno ritirato la card, potranno farlo recandosi in qualunque ufficio postale: anche in questo caso il primo pagamento dovr\u00e0 essere effettuato entro il 31 gennaio prossimo. In entrambi i casi ai beneficiari sar\u00e0 garantita la disponibilit\u00e0 sia dell\u2019originario importo di 382,50 euro sia dell\u2019importo aggiuntivo di 77,20 euro previsto dal DM del 29 novembre scorso.<div id=\"videoincontent\" style=\"clear:both\";><\/div><\/p>\n","protected":false},"excerpt":{"rendered":"<p>Prorogato al 31 gennaio 2024 il ritiro o l\u2019uso della \u201cDedicata a te\u201d, carta a sostegno delle famiglie per l\u2019acquisto dei beni di prima necessit\u00e0. Con decreto del Ministro delle imprese e del made in Italy del 29 novembre 2023 sono stati prorogati i termini per il ritiro e l\u2019attivazione delle carte \u201cDedicata a te\u201d. [&hellip;]<\/p>\n","protected":false},"author":8,"featured_media":146940,"comment_status":"open","ping_status":"open","sticky":false,"template":"","format":"standard","meta":{"ub_ctt_via":"","_mi_skip_tracking":false},"categories":[5],"tags":[9239,9238,4208],"featured_image_src":"https:\/\/www.messinaoggi.it\/website\/wp-content\/uploads\/2023\/03\/5LMB.jpg","author_info":{"display_name":"red..me","author_link":"https:\/\/www.messinaoggi.it\/website\/author\/redstage\/"},"digistream_id":0,"digistream":false,"_links":{"self":[{"href":"https:\/\/www.messinaoggi.it\/website\/wp-json\/wp\/v2\/posts\/180634"}],"collection":[{"href":"https:\/\/www.messinaoggi.it\/website\/wp-json\/wp\/v2\/posts"}],"about":[{"href":"https:\/\/www.messinaoggi.it\/website\/wp-json\/wp\/v2\/types\/post"}],"author":[{"embeddable":true,"href":"https:\/\/www.messinaoggi.it\/website\/wp-json\/wp\/v2\/users\/8"}],"replies":[{"embeddable":true,"href":"https:\/\/www.messinaoggi.it\/website\/wp-json\/wp\/v2\/comments?post=180634"}],"version-history":[{"count":1,"href":"https:\/\/www.messinaoggi.it\/website\/wp-json\/wp\/v2\/posts\/180634\/revisions"}],"predecessor-version":[{"id":180635,"href":"https:\/\/www.messinaoggi.it\/website\/wp-json\/wp\/v2\/posts\/180634\/revisions\/180635"}],"wp:featuredmedia":[{"embeddable":true,"href":"https:\/\/www.messinaoggi.it\/website\/wp-json\/wp\/v2\/media\/146940"}],"wp:attachment":[{"href":"https:\/\/www.messinaoggi.it\/website\/wp-json\/wp\/v2\/media?parent=180634"}],"wp:term":[{"taxonomy":"category","embeddable":true,"href":"https:\/\/www.messinaoggi.it\/website\/wp-json\/wp\/v2\/categories?post=180634"},{"taxonomy":"post_tag","embeddable":true,"href":"https:\/\/www.messinaoggi.it\/website\/wp-json\/wp\/v2\/tags?post=180634"}],"curies":[{"name":"wp","href":"https:\/\/api.w.org\/{rel}","templated":true}]}}