{"id":180631,"date":"2023-12-14T08:37:29","date_gmt":"2023-12-14T07:37:29","guid":{"rendered":"http:\/\/www.messinaoggi.it\/website\/?p=180631"},"modified":"2023-12-14T08:39:24","modified_gmt":"2023-12-14T07:39:24","slug":"bigenitorialita-associazione-genitori-per-sempre-di-messina-parte-civile-in-un-processo-penale","status":"publish","type":"post","link":"https:\/\/www.messinaoggi.it\/website\/2023\/12\/14\/bigenitorialita-associazione-genitori-per-sempre-di-messina-parte-civile-in-un-processo-penale\/","title":{"rendered":"Bigenitorialit\u00e0, Associazione genitori per sempre di Messina parte civile in un processo penale"},"content":{"rendered":"\n<p>Un passo avanti per la bigenitorialit\u00e0 che ripaga gli sforzi dell&#8217;Associazione genitori per sempre di Messina, tra le pi\u00f9 attive in Italia sul fronte dei diritti dei minori.<br>&#8220;Siamo davvero orgogliosi e felici di comunicarvi la bella notizia che arriva dal Tribunale di Messina.<br>Un Tribunale che sta dimostrando con i fatti di recepire quel cambiamento culturale che la nostra associazione porta avanti da anni con amore, forza e dedizione. E&#8217; stata accolta la nostra richiesta di costituzione di parte civile in un procedimento penale in cui un minore \u00e8 stato privato della figura paterna e a cui \u00e8 stato negato il diritto alla bigenitorialit\u00e0.<br>La vicenda in esame vede contestato il reato previsto e punito dall&#8217;art. 388 c.p. ai danni di un associato, costituito parte civile nello stesso procedimento.<br>La nostra associazione, che da sempre ha supportato la vicenda in esame, sostenendo sia tecnicamente che moralmente l&#8217;associato danneggiato, per la prima volta a Messina \u00e8 stata riconosciuta dal tribunale in funzione penale quale soggetto direttamente leso dalla condotta criminosa dell&#8217;imputata. Vogliamo ringraziare i nostri legali e tutte quelle persone che negli anni ci sono state sempre vicine ed hanno creduto in noi. Grazie a tutti gli associati ed ai membri del direttivo per l&#8217;impegno profuso. Ed a tutti quei genitori che si trovano in momento di sconforto e solitudine perch\u00e9 non riescono a vivere i propri figli vogliamo invitarli a non perdere la speranza ed a continuare a credere nella giustizia. Noi siamo con voi&#8221;, conclude la nota dell&#8217;Associazione genitori per sempre di Messina.<div id=\"div-gpt-ad-Messinaoggi.it-DSK-300x250-corpoart\" style=\"text-align:center;margin:0 auto;\"><\/div><\/p>\n<div id=\"videoincontent\" style=\"clear:both\";><\/div>","protected":false},"excerpt":{"rendered":"<p>Un passo avanti per la bigenitorialit\u00e0 che ripaga gli sforzi dell&#8217;Associazione genitori per sempre di Messina, tra le pi\u00f9 attive in Italia sul fronte dei diritti dei minori.&#8220;Siamo davvero orgogliosi e felici di comunicarvi la bella notizia che arriva dal Tribunale di Messina.Un Tribunale che sta dimostrando con i fatti di recepire quel cambiamento culturale [&hellip;]<\/p>\n","protected":false},"author":4,"featured_media":180632,"comment_status":"open","ping_status":"open","sticky":false,"template":"","format":"standard","meta":{"ub_ctt_via":"","_mi_skip_tracking":false},"categories":[5],"tags":[3120],"featured_image_src":"https:\/\/www.messinaoggi.it\/website\/wp-content\/uploads\/2023\/12\/Screenshot_20231214_083228_Chrome.jpg","author_info":{"display_name":"redme","author_link":"https:\/\/www.messinaoggi.it\/website\/author\/redme\/"},"digistream_id":0,"digistream":false,"_links":{"self":[{"href":"https:\/\/www.messinaoggi.it\/website\/wp-json\/wp\/v2\/posts\/180631"}],"collection":[{"href":"https:\/\/www.messinaoggi.it\/website\/wp-json\/wp\/v2\/posts"}],"about":[{"href":"https:\/\/www.messinaoggi.it\/website\/wp-json\/wp\/v2\/types\/post"}],"author":[{"embeddable":true,"href":"https:\/\/www.messinaoggi.it\/website\/wp-json\/wp\/v2\/users\/4"}],"replies":[{"embeddable":true,"href":"https:\/\/www.messinaoggi.it\/website\/wp-json\/wp\/v2\/comments?post=180631"}],"version-history":[{"count":1,"href":"https:\/\/www.messinaoggi.it\/website\/wp-json\/wp\/v2\/posts\/180631\/revisions"}],"predecessor-version":[{"id":180633,"href":"https:\/\/www.messinaoggi.it\/website\/wp-json\/wp\/v2\/posts\/180631\/revisions\/180633"}],"wp:featuredmedia":[{"embeddable":true,"href":"https:\/\/www.messinaoggi.it\/website\/wp-json\/wp\/v2\/media\/180632"}],"wp:attachment":[{"href":"https:\/\/www.messinaoggi.it\/website\/wp-json\/wp\/v2\/media?parent=180631"}],"wp:term":[{"taxonomy":"category","embeddable":true,"href":"https:\/\/www.messinaoggi.it\/website\/wp-json\/wp\/v2\/categories?post=180631"},{"taxonomy":"post_tag","embeddable":true,"href":"https:\/\/www.messinaoggi.it\/website\/wp-json\/wp\/v2\/tags?post=180631"}],"curies":[{"name":"wp","href":"https:\/\/api.w.org\/{rel}","templated":true}]}}