{"id":180580,"date":"2023-12-13T17:19:13","date_gmt":"2023-12-13T16:19:13","guid":{"rendered":"http:\/\/www.messinaoggi.it\/website\/?p=180580"},"modified":"2023-12-13T17:19:14","modified_gmt":"2023-12-13T16:19:14","slug":"la-corte-dappello-da-ragione-alla-uil-fpl-il-papardo-soccombe","status":"publish","type":"post","link":"https:\/\/www.messinaoggi.it\/website\/2023\/12\/13\/la-corte-dappello-da-ragione-alla-uil-fpl-il-papardo-soccombe\/","title":{"rendered":"La Corte d&#8217;Appello d\u00e0 ragione alla Uil-Fpl: il Papardo soccombe"},"content":{"rendered":"\n<p>La Corte di Appello di Messina ha rigettato i ricorsi presentati dall\u2019Azienda Ospedaliera Papardo contro le numerose Sentenze riguardo il personale infermieristico, costretto a svolgere funzioni ritenute demanzionanti. Adesso c\u2019\u00e8 una sentenza che statuisce come il personale infermieristico non possa svolgere manzioni proprie degli OSS.<div id=\"div-gpt-ad-Messinaoggi.it-DSK-300x250-corpoart\" style=\"text-align:center;margin:0 auto;\"><\/div><\/p>\n\n\n\n<p>\u201cQueste straordinarie sentenze &#8211; si legge in una nota stampa a firma del segretario generale Livio Andronico e del segretario organizzativo Maurizio Celona &#8211; oltre a valorizzare sempre di pi\u00f9 la professionalit\u00e0 dell\u2019Infermiere, condanna ancora una volta l\u2019azienda Ospedaliera Papardo, a risarcire il personale infermieristico ricorrente, per il danno alla professione per anni subito. Questa \u00e8 una vittoria storica, che rende giustizia al personale Infermieristico, che per tantissimo tempo \u00e8 stato costretto a causa di mancanza in organico del personale OSS, a svolgere attivit\u00e0 tecnico alberghiere, riconosciute demansionanti anche dalla Corte D\u2019appello di Messina. La Uil-Fpl, a seguito di tale sentenza, invita il personale Infermieristico di tutte le aziende sanitarie di Messina, che ad oggi, non hanno mai presentato ricorso, ad avvalersi della Uil-Fpl, attraverso i rappresentanti sindacali aziendali, per avviare le procedure giudiziarie assistiti gratuitamente dall\u2019avv. Oreste Puglisi, legale della UILFPL di Messina\u201d.<div id=\"videoincontent\" style=\"clear:both\";><\/div><\/p>\n\n\n\n<p>Conclude la nota sindacale della Uil-Fpl<\/p>\n\n\n\n<p><\/p>\n","protected":false},"excerpt":{"rendered":"<p>La Corte di Appello di Messina ha rigettato i ricorsi presentati dall\u2019Azienda Ospedaliera Papardo contro le numerose Sentenze riguardo il personale infermieristico, costretto a svolgere funzioni ritenute demanzionanti. Adesso c\u2019\u00e8 una sentenza che statuisce come il personale infermieristico non possa svolgere manzioni proprie degli OSS. \u201cQueste straordinarie sentenze &#8211; si legge in una nota stampa [&hellip;]<\/p>\n","protected":false},"author":2,"featured_media":180581,"comment_status":"open","ping_status":"open","sticky":false,"template":"","format":"standard","meta":{"ub_ctt_via":"","_mi_skip_tracking":false},"categories":[5],"tags":[2462,5461,812,3641,937],"featured_image_src":"https:\/\/www.messinaoggi.it\/website\/wp-content\/uploads\/2023\/12\/unnamed-1.jpg","author_info":{"display_name":"Redazione","author_link":"https:\/\/www.messinaoggi.it\/website\/author\/redazione\/"},"digistream_id":0,"digistream":false,"_links":{"self":[{"href":"https:\/\/www.messinaoggi.it\/website\/wp-json\/wp\/v2\/posts\/180580"}],"collection":[{"href":"https:\/\/www.messinaoggi.it\/website\/wp-json\/wp\/v2\/posts"}],"about":[{"href":"https:\/\/www.messinaoggi.it\/website\/wp-json\/wp\/v2\/types\/post"}],"author":[{"embeddable":true,"href":"https:\/\/www.messinaoggi.it\/website\/wp-json\/wp\/v2\/users\/2"}],"replies":[{"embeddable":true,"href":"https:\/\/www.messinaoggi.it\/website\/wp-json\/wp\/v2\/comments?post=180580"}],"version-history":[{"count":1,"href":"https:\/\/www.messinaoggi.it\/website\/wp-json\/wp\/v2\/posts\/180580\/revisions"}],"predecessor-version":[{"id":180583,"href":"https:\/\/www.messinaoggi.it\/website\/wp-json\/wp\/v2\/posts\/180580\/revisions\/180583"}],"wp:featuredmedia":[{"embeddable":true,"href":"https:\/\/www.messinaoggi.it\/website\/wp-json\/wp\/v2\/media\/180581"}],"wp:attachment":[{"href":"https:\/\/www.messinaoggi.it\/website\/wp-json\/wp\/v2\/media?parent=180580"}],"wp:term":[{"taxonomy":"category","embeddable":true,"href":"https:\/\/www.messinaoggi.it\/website\/wp-json\/wp\/v2\/categories?post=180580"},{"taxonomy":"post_tag","embeddable":true,"href":"https:\/\/www.messinaoggi.it\/website\/wp-json\/wp\/v2\/tags?post=180580"}],"curies":[{"name":"wp","href":"https:\/\/api.w.org\/{rel}","templated":true}]}}