{"id":18056,"date":"2018-04-10T14:43:33","date_gmt":"2018-04-10T12:43:33","guid":{"rendered":"http:\/\/www.messinaoggi.it\/website\/?p=18056"},"modified":"2018-04-10T14:43:33","modified_gmt":"2018-04-10T12:43:33","slug":"esserci-sempre-festa-della-polizia-in-ricordo-di-boris-giuliano","status":"publish","type":"post","link":"https:\/\/www.messinaoggi.it\/website\/2018\/04\/10\/esserci-sempre-festa-della-polizia-in-ricordo-di-boris-giuliano\/","title":{"rendered":"&quot;Esserci sempre&quot;, festa della polizia in ricordo di Boris Giuliano"},"content":{"rendered":"<p>&#8220;Esserci sempre&#8221;: \u00e8 stato lo slogan della festa per il 166\u00b0 anniversario della fondazione della polizia, celebrata questa mattina al teatro &#8220;Vittorio Emanuele&#8221;.<br \/>\nIl direttore dell\u2019Ufficio centrale ispettivo del Dipartimento della Polizia, Carmelo Gugliotta, ha indicato le linee strategiche dell\u2019Amministrazione, mentre il Questore, Mario Finocchiaro, ha effettuato un bilancio dell\u2019attivit\u00e0 della polizia.<br \/>\nOltre alla consegna dei riconoscimenti al personale che si \u00e8 distinto in attivit\u00e0 di servizio, \u00e8 stato dedicato un momento speciale agli studenti delle scuole che hanno partecipato al concorso \u201cPretendiamo legalit\u00e0: a scuola con il Commissario Mascherpa\u201d.<br \/>\nLa musica dell\u2019orchestra e del coro del conservatorio musicale &#8220;Corelli&#8221; ha dato un tocco di solennit\u00e0 alla cerimonia.<br \/>\nEsposti anche i progetti a tutela delle donne e dei giovani, con tanti video e tante foto,\u00a0mezzi e attrezzature a disposizione degli operatori, nonch\u00e9 cimeli e ricordi raccolti dai soci dell\u2019Anps.<br \/>\nPer ultimo, un omaggio ad un uomo modello e guida ai pi\u00f9 giovani, alle future generazioni: il vice questore Giorgio Boris Giuliano, barbaramente ucciso dalla mafia.<div id=\"div-gpt-ad-Messinaoggi.it-DSK-300x250-corpoart\" style=\"text-align:center;margin:0 auto;\"><\/div><\/p>\n<div id=\"videoincontent\" style=\"clear:both\";><\/div>","protected":false},"excerpt":{"rendered":"<p>&#8220;Esserci sempre&#8221;: \u00e8 stato lo slogan della festa per il 166\u00b0 anniversario della fondazione della polizia, celebrata questa mattina al teatro &#8220;Vittorio Emanuele&#8221;. Il direttore dell\u2019Ufficio centrale ispettivo del Dipartimento della Polizia, Carmelo Gugliotta, ha indicato le linee strategiche dell\u2019Amministrazione, mentre il Questore, Mario Finocchiaro, ha effettuato un bilancio dell\u2019attivit\u00e0 della polizia. Oltre alla consegna [&hellip;]<\/p>\n","protected":false},"author":4,"featured_media":18059,"comment_status":"closed","ping_status":"open","sticky":false,"template":"","format":"standard","meta":{"ub_ctt_via":"","_mi_skip_tracking":false},"categories":[5],"tags":[],"featured_image_src":"https:\/\/www.messinaoggi.it\/website\/wp-content\/uploads\/2018\/04\/festa-polizia_0174-1.jpg","author_info":{"display_name":"redme","author_link":"https:\/\/www.messinaoggi.it\/website\/author\/redme\/"},"digistream_id":0,"digistream":false,"_links":{"self":[{"href":"https:\/\/www.messinaoggi.it\/website\/wp-json\/wp\/v2\/posts\/18056"}],"collection":[{"href":"https:\/\/www.messinaoggi.it\/website\/wp-json\/wp\/v2\/posts"}],"about":[{"href":"https:\/\/www.messinaoggi.it\/website\/wp-json\/wp\/v2\/types\/post"}],"author":[{"embeddable":true,"href":"https:\/\/www.messinaoggi.it\/website\/wp-json\/wp\/v2\/users\/4"}],"replies":[{"embeddable":true,"href":"https:\/\/www.messinaoggi.it\/website\/wp-json\/wp\/v2\/comments?post=18056"}],"version-history":[{"count":0,"href":"https:\/\/www.messinaoggi.it\/website\/wp-json\/wp\/v2\/posts\/18056\/revisions"}],"wp:featuredmedia":[{"embeddable":true,"href":"https:\/\/www.messinaoggi.it\/website\/wp-json\/wp\/v2\/media\/18059"}],"wp:attachment":[{"href":"https:\/\/www.messinaoggi.it\/website\/wp-json\/wp\/v2\/media?parent=18056"}],"wp:term":[{"taxonomy":"category","embeddable":true,"href":"https:\/\/www.messinaoggi.it\/website\/wp-json\/wp\/v2\/categories?post=18056"},{"taxonomy":"post_tag","embeddable":true,"href":"https:\/\/www.messinaoggi.it\/website\/wp-json\/wp\/v2\/tags?post=18056"}],"curies":[{"name":"wp","href":"https:\/\/api.w.org\/{rel}","templated":true}]}}