{"id":18033,"date":"2018-04-10T00:08:56","date_gmt":"2018-04-09T22:08:56","guid":{"rendered":"http:\/\/www.messinaoggi.it\/website\/?p=18033"},"modified":"2018-04-10T00:08:56","modified_gmt":"2018-04-09T22:08:56","slug":"il-messinese-marchetti-tricamo-lascia-la-direzione-leggeretutti","status":"publish","type":"post","link":"https:\/\/www.messinaoggi.it\/website\/2018\/04\/10\/il-messinese-marchetti-tricamo-lascia-la-direzione-leggeretutti\/","title":{"rendered":"Il messinese Marchetti Tricamo lascia la direzione \u201cLeggere:tutti\u201d"},"content":{"rendered":"<p><strong>Giuseppe Marchetti Tricamo<\/strong> lascia dopo 13 anni la direzione di &#8220;Leggere:tutti&#8221;, la rivista del libro e della lettura. Marchetti Tricamo, direttore fin dalla nascita del mensile fondato a Roma nel 2005 da Agra editrice, si \u00e8 dimesso per motivi personali.<br \/>\nMarchetti Tricamo, nato Messina, \u00e8 stato dirigente Rai, direttore di Rai Eri, docente alla Sapienza \u2013 Universit\u00e0 di Roma e autore del libro \u201cLa fabbrica delle emozioni. Cos\u00ec si fa l\u2019editore in Italia\u201d (Franco Angeli) e di vari saggi editi da Mondadori e Cairo.<br \/>\nMarchetti ha dichiarato \u201csiamo partiti da Torino, dal Lingotto, dal Salone del libro. Era una bella giornata di primavera, era il maggio del 2005. Al via c\u2019erano molti amici scrittori e ci sono rimasti vicini da allora a oggi. Molti altri si sono aggiunti negli anni. A loro la mia gratitudine\u201d.<br \/>\nA lettori e collaboratori Marchetti Tricamo ha dedicato l\u2019editoriale \u201cIl mio viaggio finisce qui\u201d. \u201cCon voi\u201d, scrive il direttore Marchetti, \u201cho condiviso la passione per la lettura e la buona consuetudine di frequentare librerie e biblioteche per scegliere i nostri libri, senza cedere alle lusinghe delle classifiche dei pi\u00f9 venduti. Nei lettori pi\u00f9 giovani (ai quali la rivista dedica un ampio segmento) continuer\u00f2 a riporre la speranza che saranno loro a invertire il trend di lettura in Italia. A scollare dal 40,5 per cento l\u2019indice di lettori, che comprende \u2013 pensate un po\u2019 \u2013 anche coloro che hanno letto soltanto un libro nell\u2019anno! Saranno loro ad accorciare il gap che ci distanzia dagli altri Paesi d\u2019Europa\u201d.<br \/>\nL\u2019editore <strong>Sergio Auricchio<\/strong> (Agra), assieme al sincero ringraziamento per quanto fatto per l\u2019affermazione della testata, gli ha rivolto un affettuoso saluto ricordando i risultati raggiunti: \u201cLeggere:tutti \u00e8 forse l&#8217;unico caso di giornale nato come free press e poi diventato a pagamento, distribuito in edicola e seguito da una vasta platea di abbonati e\u00a0 di case editrici spesso piccole e specializzate\u201d.\u00a0A dirigere \u201cLeggere:tutti\u201d, dal numero in uscita a met\u00e0 aprile, sar\u00e0 il giornalista Carlo Ottaviano.<div id=\"div-gpt-ad-Messinaoggi.it-DSK-300x250-corpoart\" style=\"text-align:center;margin:0 auto;\"><\/div><\/p>\n<div id=\"videoincontent\" style=\"clear:both\";><\/div>","protected":false},"excerpt":{"rendered":"<p>Giuseppe Marchetti Tricamo lascia dopo 13 anni la direzione di &#8220;Leggere:tutti&#8221;, la rivista del libro e della lettura. Marchetti Tricamo, direttore fin dalla nascita del mensile fondato a Roma nel 2005 da Agra editrice, si \u00e8 dimesso per motivi personali. Marchetti Tricamo, nato Messina, \u00e8 stato dirigente Rai, direttore di Rai Eri, docente alla Sapienza [&hellip;]<\/p>\n","protected":false},"author":2,"featured_media":18034,"comment_status":"closed","ping_status":"open","sticky":false,"template":"","format":"standard","meta":{"ub_ctt_via":"","_mi_skip_tracking":false},"categories":[16],"tags":[],"featured_image_src":"https:\/\/www.messinaoggi.it\/website\/wp-content\/uploads\/2018\/04\/Foto-2.-Giuseppe-Marchetti-Tricamo-2-1.jpg","author_info":{"display_name":"Redazione","author_link":"https:\/\/www.messinaoggi.it\/website\/author\/redazione\/"},"digistream_id":0,"digistream":false,"_links":{"self":[{"href":"https:\/\/www.messinaoggi.it\/website\/wp-json\/wp\/v2\/posts\/18033"}],"collection":[{"href":"https:\/\/www.messinaoggi.it\/website\/wp-json\/wp\/v2\/posts"}],"about":[{"href":"https:\/\/www.messinaoggi.it\/website\/wp-json\/wp\/v2\/types\/post"}],"author":[{"embeddable":true,"href":"https:\/\/www.messinaoggi.it\/website\/wp-json\/wp\/v2\/users\/2"}],"replies":[{"embeddable":true,"href":"https:\/\/www.messinaoggi.it\/website\/wp-json\/wp\/v2\/comments?post=18033"}],"version-history":[{"count":0,"href":"https:\/\/www.messinaoggi.it\/website\/wp-json\/wp\/v2\/posts\/18033\/revisions"}],"wp:featuredmedia":[{"embeddable":true,"href":"https:\/\/www.messinaoggi.it\/website\/wp-json\/wp\/v2\/media\/18034"}],"wp:attachment":[{"href":"https:\/\/www.messinaoggi.it\/website\/wp-json\/wp\/v2\/media?parent=18033"}],"wp:term":[{"taxonomy":"category","embeddable":true,"href":"https:\/\/www.messinaoggi.it\/website\/wp-json\/wp\/v2\/categories?post=18033"},{"taxonomy":"post_tag","embeddable":true,"href":"https:\/\/www.messinaoggi.it\/website\/wp-json\/wp\/v2\/tags?post=18033"}],"curies":[{"name":"wp","href":"https:\/\/api.w.org\/{rel}","templated":true}]}}