{"id":180319,"date":"2023-12-11T20:10:19","date_gmt":"2023-12-11T19:10:19","guid":{"rendered":"http:\/\/www.messinaoggi.it\/website\/?p=180319"},"modified":"2023-12-11T20:10:27","modified_gmt":"2023-12-11T19:10:27","slug":"germana-lattenzione-di-salvini-per-la-nostra-sicilia-e-sotto-gli-occhi-di-tutti","status":"publish","type":"post","link":"https:\/\/www.messinaoggi.it\/website\/2023\/12\/11\/germana-lattenzione-di-salvini-per-la-nostra-sicilia-e-sotto-gli-occhi-di-tutti\/","title":{"rendered":"German\u00e0: &#8220;L\u2019attenzione di Salvini per la nostra Sicilia \u00e8 sotto gli occhi di tutti&#8221;"},"content":{"rendered":"\n<p>&#8220;Se in Sicilia stiamo assistendo a un avanzamento senza precedenti delle opere infrastrutturali \u00e8 solo grazie al lavoro portato avanti senza sosta dal vice premier Matteo Salvini&#8221;:  cos\u00ec in una nota il senatore siciliano della Lega Nino German\u00e0, segretario in commissione Trasporti a Palazzo Madama.<div id=\"div-gpt-ad-Messinaoggi.it-DSK-300x250-corpoart\" style=\"text-align:center;margin:0 auto;\"><\/div><\/p>\n\n\n\n<p>&#8220;Oggi, con l\u2019inaugurazione della tratta tra Agrigento e l\u2019aeroporto di Palermo segniamo una svolta: una risposta che i nostri territori aspettavano da tempo. Un altro tassello importante per lo sviluppo della nostra Isola, un altro atto concreto. Grazie al Mit sono previsti investimenti per un totale di 28 miliardi di euro relativamente alle infrastrutture e ai trasporti siciliani: 13 miliardi di euro per la rete ferroviaria e 15 miliardi di euro per strade e autostrade. L\u2019attenzione del ministro Salvini per la nostra Sicilia \u00e8 sotto gli occhi di tutti &#8211; conclude German\u00e0 -. Dalle parole ai fatti\u201d.<br><div id=\"videoincontent\" style=\"clear:both\";><\/div><\/p>\n","protected":false},"excerpt":{"rendered":"<p>&#8220;Se in Sicilia stiamo assistendo a un avanzamento senza precedenti delle opere infrastrutturali \u00e8 solo grazie al lavoro portato avanti senza sosta dal vice premier Matteo Salvini&#8221;: cos\u00ec in una nota il senatore siciliano della Lega Nino German\u00e0, segretario in commissione Trasporti a Palazzo Madama. &#8220;Oggi, con l\u2019inaugurazione della tratta tra Agrigento e l\u2019aeroporto di [&hellip;]<\/p>\n","protected":false},"author":4,"featured_media":156665,"comment_status":"open","ping_status":"open","sticky":false,"template":"","format":"standard","meta":{"ub_ctt_via":"","_mi_skip_tracking":false},"categories":[4],"tags":[945,719,1035,7987,1082],"featured_image_src":"https:\/\/www.messinaoggi.it\/website\/wp-content\/uploads\/2023\/05\/unnamed-1-2.jpg","author_info":{"display_name":"redme","author_link":"https:\/\/www.messinaoggi.it\/website\/author\/redme\/"},"digistream_id":0,"digistream":false,"_links":{"self":[{"href":"https:\/\/www.messinaoggi.it\/website\/wp-json\/wp\/v2\/posts\/180319"}],"collection":[{"href":"https:\/\/www.messinaoggi.it\/website\/wp-json\/wp\/v2\/posts"}],"about":[{"href":"https:\/\/www.messinaoggi.it\/website\/wp-json\/wp\/v2\/types\/post"}],"author":[{"embeddable":true,"href":"https:\/\/www.messinaoggi.it\/website\/wp-json\/wp\/v2\/users\/4"}],"replies":[{"embeddable":true,"href":"https:\/\/www.messinaoggi.it\/website\/wp-json\/wp\/v2\/comments?post=180319"}],"version-history":[{"count":1,"href":"https:\/\/www.messinaoggi.it\/website\/wp-json\/wp\/v2\/posts\/180319\/revisions"}],"predecessor-version":[{"id":180320,"href":"https:\/\/www.messinaoggi.it\/website\/wp-json\/wp\/v2\/posts\/180319\/revisions\/180320"}],"wp:featuredmedia":[{"embeddable":true,"href":"https:\/\/www.messinaoggi.it\/website\/wp-json\/wp\/v2\/media\/156665"}],"wp:attachment":[{"href":"https:\/\/www.messinaoggi.it\/website\/wp-json\/wp\/v2\/media?parent=180319"}],"wp:term":[{"taxonomy":"category","embeddable":true,"href":"https:\/\/www.messinaoggi.it\/website\/wp-json\/wp\/v2\/categories?post=180319"},{"taxonomy":"post_tag","embeddable":true,"href":"https:\/\/www.messinaoggi.it\/website\/wp-json\/wp\/v2\/tags?post=180319"}],"curies":[{"name":"wp","href":"https:\/\/api.w.org\/{rel}","templated":true}]}}