{"id":180235,"date":"2023-12-11T10:19:06","date_gmt":"2023-12-11T09:19:06","guid":{"rendered":"http:\/\/www.messinaoggi.it\/website\/?p=180235"},"modified":"2023-12-11T10:19:09","modified_gmt":"2023-12-11T09:19:09","slug":"carontetourist-domani-presentazione-di-onde-sonore","status":"publish","type":"post","link":"https:\/\/www.messinaoggi.it\/website\/2023\/12\/11\/carontetourist-domani-presentazione-di-onde-sonore\/","title":{"rendered":"Caronte&#038;Tourist: domani presentazione di &#8220;Onde Sonore&#8221;"},"content":{"rendered":"\n<p>Torna <strong>Onde Sonore<\/strong>. Un format ormai ben collaudato (questa edizione \u00e8 la numero 9), che ha mostrato di saper felicemente coniugare <strong>intrattenimento e solidariet\u00e0<\/strong>. Perch\u00e9 questa in realt\u00e0 \u00e8 sempre stata la marcia in pi\u00f9 di Onde Sonore, la sua ispirazione originaria, il suo <em>claim<\/em>: essere cio\u00e8 \u201cuna marea di musica e solidariet\u00e0\u201d.<div id=\"div-gpt-ad-Messinaoggi.it-DSK-300x250-corpoart\" style=\"text-align:center;margin:0 auto;\"><\/div><\/p>\n\n\n\n<p>Non cambia la <em>location<\/em>, come sempre le navi di Caronte &amp; Tourist; non cambia lo scenario, l\u2019imprescindibile Stretto di Messina; non cambia la filosofia di fondo, cio\u00e8 offrire ai passeggeri \u201cun <em>bouquet<\/em> fatto di <strong>musica, spettacoli, arte varia in grado di incontrare i gusti di ognuno<\/strong>\u201d.<div id=\"videoincontent\" style=\"clear:both\";><\/div><\/p>\n\n\n\n<p>A cambiare, anno per anno, sono il programma e gli artisti che si alterneranno su quello che \u00e8 un palco davvero speciale, un palco in navigazione nello Stretto &#8211; cos\u00ec come immaginato dal <strong>direttore artistico Max Garrubba <\/strong>-e che, per l\u2019edizione 2023,verranno svelati nel corso della conferenza stampa in programma <strong>marted\u00ec 12 dicembre alle 11 <\/strong>presso<strong> l\u2019Auditorium <\/strong>della sede del<strong> Gruppo Caronte &amp; Tourist, <\/strong>in <strong>Via Ing. Giuseppe Franza 82 (Z.I.R.).<\/strong><\/p>\n","protected":false},"excerpt":{"rendered":"<p>Torna Onde Sonore. Un format ormai ben collaudato (questa edizione \u00e8 la numero 9), che ha mostrato di saper felicemente coniugare intrattenimento e solidariet\u00e0. Perch\u00e9 questa in realt\u00e0 \u00e8 sempre stata la marcia in pi\u00f9 di Onde Sonore, la sua ispirazione originaria, il suo claim: essere cio\u00e8 \u201cuna marea di musica e solidariet\u00e0\u201d. Non cambia [&hellip;]<\/p>\n","protected":false},"author":2,"featured_media":754,"comment_status":"open","ping_status":"open","sticky":false,"template":"","format":"standard","meta":{"ub_ctt_via":"","_mi_skip_tracking":false},"categories":[5],"tags":[146,7734,9168],"featured_image_src":"https:\/\/www.messinaoggi.it\/website\/wp-content\/uploads\/2017\/05\/Carnevale-Onde-Sonore-2.jpg","author_info":{"display_name":"Redazione","author_link":"https:\/\/www.messinaoggi.it\/website\/author\/redazione\/"},"digistream_id":0,"digistream":false,"_links":{"self":[{"href":"https:\/\/www.messinaoggi.it\/website\/wp-json\/wp\/v2\/posts\/180235"}],"collection":[{"href":"https:\/\/www.messinaoggi.it\/website\/wp-json\/wp\/v2\/posts"}],"about":[{"href":"https:\/\/www.messinaoggi.it\/website\/wp-json\/wp\/v2\/types\/post"}],"author":[{"embeddable":true,"href":"https:\/\/www.messinaoggi.it\/website\/wp-json\/wp\/v2\/users\/2"}],"replies":[{"embeddable":true,"href":"https:\/\/www.messinaoggi.it\/website\/wp-json\/wp\/v2\/comments?post=180235"}],"version-history":[{"count":1,"href":"https:\/\/www.messinaoggi.it\/website\/wp-json\/wp\/v2\/posts\/180235\/revisions"}],"predecessor-version":[{"id":180237,"href":"https:\/\/www.messinaoggi.it\/website\/wp-json\/wp\/v2\/posts\/180235\/revisions\/180237"}],"wp:featuredmedia":[{"embeddable":true,"href":"https:\/\/www.messinaoggi.it\/website\/wp-json\/wp\/v2\/media\/754"}],"wp:attachment":[{"href":"https:\/\/www.messinaoggi.it\/website\/wp-json\/wp\/v2\/media?parent=180235"}],"wp:term":[{"taxonomy":"category","embeddable":true,"href":"https:\/\/www.messinaoggi.it\/website\/wp-json\/wp\/v2\/categories?post=180235"},{"taxonomy":"post_tag","embeddable":true,"href":"https:\/\/www.messinaoggi.it\/website\/wp-json\/wp\/v2\/tags?post=180235"}],"curies":[{"name":"wp","href":"https:\/\/api.w.org\/{rel}","templated":true}]}}