{"id":180069,"date":"2023-12-08T11:38:20","date_gmt":"2023-12-08T10:38:20","guid":{"rendered":"http:\/\/www.messinaoggi.it\/website\/?p=180069"},"modified":"2023-12-08T11:38:22","modified_gmt":"2023-12-08T10:38:22","slug":"consegnati-i-lavori-per-forte-gonzaga","status":"publish","type":"post","link":"https:\/\/www.messinaoggi.it\/website\/2023\/12\/08\/consegnati-i-lavori-per-forte-gonzaga\/","title":{"rendered":"Consegnati i lavori per Forte Gonzaga"},"content":{"rendered":"\n<p>Sono stati consegnati il 6 dicembre scorso i lavori di restauro, rifunzionalizzazione e valorizzazione turistico-culturale di Forte Gonzaga, alla presenza del vicesindaco <strong>Salvatore Mondello<\/strong>, dell\u2019assessore alle Fortificazioni <strong>Enzo Caruso<\/strong>, del RUP <strong>Francesco Falcone<\/strong> e della Direzione Lavori. L\u2019intervento in programma avr\u00e0 una durata di 18 mesi consecutivi, per un importo complessivo di 2.442.806,30 euro. <div id=\"div-gpt-ad-Messinaoggi.it-DSK-300x250-corpoart\" style=\"text-align:center;margin:0 auto;\"><\/div><\/p>\n\n\n\n<p>\u201cUn ulteriore tassello che si aggiunge al rilancio della nostra citt\u00e0 &#8211; ha dichiarato il sindaco <strong>Federico Basile<\/strong> &#8211; che conferma la volont\u00e0 di questa Amministrazione, in continuit\u00e0 con la precedente, di salvaguardare e recuperare il nostro patrimonio architettonico, dando un forte impulso al turismo. La nostra citt\u00e0 \u00e8 ricca di storia e bisogna cercare di tramandare il valore del nostro passato alle nuove generazioni; contestualmente abbiamo anche il diritto di godere del bello e Messina ne ha tanto. Il progetto complessivo, che prevede la riqualificazione dei pregiati Forti Umbertini, pu\u00f2 rappresentare un valido volano di sviluppo per la citt\u00e0; continueremo quindi ad impegnarci per dare concretezza a ci\u00f2 che fino a poco tempo fa sembrava impossibile. Insieme si pu\u00f2 fare, andiamo avanti!&#8221;.<div id=\"videoincontent\" style=\"clear:both\";><\/div><\/p>\n","protected":false},"excerpt":{"rendered":"<p>Sono stati consegnati il 6 dicembre scorso i lavori di restauro, rifunzionalizzazione e valorizzazione turistico-culturale di Forte Gonzaga, alla presenza del vicesindaco Salvatore Mondello, dell\u2019assessore alle Fortificazioni Enzo Caruso, del RUP Francesco Falcone e della Direzione Lavori. L\u2019intervento in programma avr\u00e0 una durata di 18 mesi consecutivi, per un importo complessivo di 2.442.806,30 euro. \u201cUn [&hellip;]<\/p>\n","protected":false},"author":15,"featured_media":130546,"comment_status":"open","ping_status":"open","sticky":false,"template":"","format":"standard","meta":{"ub_ctt_via":"","_mi_skip_tracking":false},"categories":[6],"tags":[1165,2972,5494,1872,8790,2406],"featured_image_src":"https:\/\/www.messinaoggi.it\/website\/wp-content\/uploads\/2022\/11\/Forte-Gonzaga.jpg","author_info":{"display_name":"red.me","author_link":"https:\/\/www.messinaoggi.it\/website\/author\/red-me\/"},"digistream_id":0,"digistream":false,"_links":{"self":[{"href":"https:\/\/www.messinaoggi.it\/website\/wp-json\/wp\/v2\/posts\/180069"}],"collection":[{"href":"https:\/\/www.messinaoggi.it\/website\/wp-json\/wp\/v2\/posts"}],"about":[{"href":"https:\/\/www.messinaoggi.it\/website\/wp-json\/wp\/v2\/types\/post"}],"author":[{"embeddable":true,"href":"https:\/\/www.messinaoggi.it\/website\/wp-json\/wp\/v2\/users\/15"}],"replies":[{"embeddable":true,"href":"https:\/\/www.messinaoggi.it\/website\/wp-json\/wp\/v2\/comments?post=180069"}],"version-history":[{"count":1,"href":"https:\/\/www.messinaoggi.it\/website\/wp-json\/wp\/v2\/posts\/180069\/revisions"}],"predecessor-version":[{"id":180070,"href":"https:\/\/www.messinaoggi.it\/website\/wp-json\/wp\/v2\/posts\/180069\/revisions\/180070"}],"wp:featuredmedia":[{"embeddable":true,"href":"https:\/\/www.messinaoggi.it\/website\/wp-json\/wp\/v2\/media\/130546"}],"wp:attachment":[{"href":"https:\/\/www.messinaoggi.it\/website\/wp-json\/wp\/v2\/media?parent=180069"}],"wp:term":[{"taxonomy":"category","embeddable":true,"href":"https:\/\/www.messinaoggi.it\/website\/wp-json\/wp\/v2\/categories?post=180069"},{"taxonomy":"post_tag","embeddable":true,"href":"https:\/\/www.messinaoggi.it\/website\/wp-json\/wp\/v2\/tags?post=180069"}],"curies":[{"name":"wp","href":"https:\/\/api.w.org\/{rel}","templated":true}]}}