{"id":17998,"date":"2018-04-09T10:52:06","date_gmt":"2018-04-09T08:52:06","guid":{"rendered":"http:\/\/www.messinaoggi.it\/website\/?p=17998"},"modified":"2018-04-09T10:52:06","modified_gmt":"2018-04-09T08:52:06","slug":"bimba-di-5-anni-si-sente-male-e-muore-durante-una-festa","status":"publish","type":"post","link":"https:\/\/www.messinaoggi.it\/website\/2018\/04\/09\/bimba-di-5-anni-si-sente-male-e-muore-durante-una-festa\/","title":{"rendered":"Bimba di 5 anni si sente male e muore durante una festa"},"content":{"rendered":"<div class=\"field field-name-field-fulltext field-type-text-long field-label-hidden\">\n<div class=\"field-items\">\n<div class=\"field-item odd\">\nSi trovava alla festa di un compagno in un locale di Saponara, quando all&#8217;improvviso si \u00e8 sentita male, accasciandosi a terra e perdendo sangue. Una bambina di 5 anni, di padre albanese e madre italiana, \u00e8 stata trasportata d&#8217;urgenza al Policlinico, dove per\u00f2 i medici non sono riusciti a salvarla, nonostante i disperati tentativi di rianimazione.<br \/>\nSono in corso le indagini per capire le cause della tragedia, sar\u00e0 l&#8217;autopsia a chiarirle. La Procura di Messina ha aperto un&#8217;inchiesta.\n<\/div>\n<\/div>\n<\/div>\n<div id=\"block-views-big-news-block-block-3\" class=\"block block-views\">\n<div class=\"inner\">\n<div class=\"content clearfix\">\n<div class=\"view view-big-news-block view-id-big_news_block view-display-id-block_3 view-dom-id-c2602e704d642554b2aaa3cb2409ecb2\">\n<div class=\"view-content\">\n<div class=\"views-row views-row-1 views-row-odd views-row-first views-row-last\">\n<div class=\"views-field views-field-taxonomy-vocabulary-2\"><\/div>\n<\/div>\n<\/div>\n<\/div>\n<\/div>\n<\/div>\n<\/div>\n<div id=\"div-gpt-ad-Messinaoggi.it-DSK-300x250-corpoart\" style=\"text-align:center;margin:0 auto;\"><\/div><\/p><div id=\"videoincontent\" style=\"clear:both\";><\/div>","protected":false},"excerpt":{"rendered":"<p>Si trovava alla festa di un compagno in un locale di Saponara, quando all&#8217;improvviso si \u00e8 sentita male, accasciandosi a terra e perdendo sangue. Una bambina di 5 anni, di padre albanese e madre italiana, \u00e8 stata trasportata d&#8217;urgenza al Policlinico, dove per\u00f2 i medici non sono riusciti a salvarla, nonostante i disperati tentativi di [&hellip;]<\/p>\n","protected":false},"author":4,"featured_media":1433,"comment_status":"closed","ping_status":"open","sticky":false,"template":"","format":"standard","meta":{"ub_ctt_via":"","_mi_skip_tracking":false},"categories":[19],"tags":[],"featured_image_src":"https:\/\/www.messinaoggi.it\/website\/wp-content\/uploads\/2017\/06\/Policlinico-1-2.jpg","author_info":{"display_name":"redme","author_link":"https:\/\/www.messinaoggi.it\/website\/author\/redme\/"},"digistream_id":0,"digistream":false,"_links":{"self":[{"href":"https:\/\/www.messinaoggi.it\/website\/wp-json\/wp\/v2\/posts\/17998"}],"collection":[{"href":"https:\/\/www.messinaoggi.it\/website\/wp-json\/wp\/v2\/posts"}],"about":[{"href":"https:\/\/www.messinaoggi.it\/website\/wp-json\/wp\/v2\/types\/post"}],"author":[{"embeddable":true,"href":"https:\/\/www.messinaoggi.it\/website\/wp-json\/wp\/v2\/users\/4"}],"replies":[{"embeddable":true,"href":"https:\/\/www.messinaoggi.it\/website\/wp-json\/wp\/v2\/comments?post=17998"}],"version-history":[{"count":0,"href":"https:\/\/www.messinaoggi.it\/website\/wp-json\/wp\/v2\/posts\/17998\/revisions"}],"wp:featuredmedia":[{"embeddable":true,"href":"https:\/\/www.messinaoggi.it\/website\/wp-json\/wp\/v2\/media\/1433"}],"wp:attachment":[{"href":"https:\/\/www.messinaoggi.it\/website\/wp-json\/wp\/v2\/media?parent=17998"}],"wp:term":[{"taxonomy":"category","embeddable":true,"href":"https:\/\/www.messinaoggi.it\/website\/wp-json\/wp\/v2\/categories?post=17998"},{"taxonomy":"post_tag","embeddable":true,"href":"https:\/\/www.messinaoggi.it\/website\/wp-json\/wp\/v2\/tags?post=17998"}],"curies":[{"name":"wp","href":"https:\/\/api.w.org\/{rel}","templated":true}]}}