{"id":17997,"date":"2018-04-09T10:42:27","date_gmt":"2018-04-09T08:42:27","guid":{"rendered":"http:\/\/www.messinaoggi.it\/website\/?p=17997"},"modified":"2018-04-09T10:42:27","modified_gmt":"2018-04-09T08:42:27","slug":"esserci-sempre-domani-la-polizia-celebrera-il-suo-166-anniversario","status":"publish","type":"post","link":"https:\/\/www.messinaoggi.it\/website\/2018\/04\/09\/esserci-sempre-domani-la-polizia-celebrera-il-suo-166-anniversario\/","title":{"rendered":"Esserci sempre: domani la polizia celebra il suo 166\u00b0 anniversario"},"content":{"rendered":"<p align=\"JUSTIFY\"><span style=\"font-family: Arial, sans-serif;\"><span style=\"font-size: medium;\">Da oltre un secolo e mezzo a tutela delle istituzioni e dei cittadini. La Polizia di Stato celebrer\u00e0 domani, marted\u00ec 10 aprile, presso il teatro &#8220;Vittorio Emanuele&#8221; il 166\u00b0 anniversario della sua fondazione, attraverso una cerimonia aperta al pubblico volta a ricordare i valori che da sempre la contraddistinguono, riassumibili nella seguente dicitura: l&#8217;esserci sempre stata.<\/span><\/span><div id=\"div-gpt-ad-Messinaoggi.it-DSK-300x250-corpoart\" style=\"text-align:center;margin:0 auto;\"><\/div><\/p>\n<p align=\"JUSTIFY\"><span style=\"font-family: Arial, sans-serif;\"><span style=\"font-size: medium;\">Sar\u00e0 presente, in rappresentanza del Capo della Polizia, Prefetto Franco Gabrielli, il Prefetto Carmelo Gugliotta, Direttore dell\u2019Ufficio Centrale Ispettivo del Dipartimento della P.S., che indicher\u00e0 le linee strategiche dell\u2019Amministrazione, mentre il Questore, Mario Finocchiaro, trarr\u00e0 il consuntivo dell\u2019attivit\u00e0 della Polizia di Stato nella Provincia di Messina.<\/span><\/span><div id=\"videoincontent\" style=\"clear:both\";><\/div><\/p>\n<p align=\"JUSTIFY\"><span style=\"font-family: Arial, sans-serif;\"><span style=\"font-size: medium;\">Oltre alla tradizionale consegna dei riconoscimenti premiali al personale che si \u00e8 distinto in attivit\u00e0 di servizio, sar\u00e0 dedicato un momento molto speciale agli studenti delle scuole che hanno partecipato al concorso \u201cPretendiamoLegalit\u00e0: a scuola con il Commissario Mascherpa\u201d. Non mancheranno inoltre i progetti portati avanti dalla Polizia a tutela delle donne e dei giovani con l&#8217;obiettivo di prevenire atti criminali attraverso l\u2019educazione alla legalit\u00e0. Il tutto sar\u00e0 condito dalla musica dell\u2019orchestra e del coro del Conservatorio Corelli, per dare un tocco di solennit\u00e0 ma anche di festosit\u00e0 alla cerimonia.<\/span><\/span><\/p>\n<p align=\"JUSTIFY\"><span style=\"font-family: Arial, sans-serif;\"><span style=\"font-size: medium;\">Tanti i video e le fotografie a testimonianza di quanto \u00e8 stato fatto nei mesi trascorsi. E, per ultimo, un omaggio ad un uomo che \u00e8 stato da sempre proposto come modello e guida alle future generazioni: il vice questore Giorgio Boris Giuliano, ucciso barbaramente dalla mafia. Saranno esposti anche mezzi e attrezzature a disposizione degli operatori, nonch\u00e9 cimeli e ricordi raccolti dai soci dell\u2019Anps.<\/span><\/span><\/p>\n","protected":false},"excerpt":{"rendered":"<p>Da oltre un secolo e mezzo a tutela delle istituzioni e dei cittadini. La Polizia di Stato celebrer\u00e0 domani, marted\u00ec 10 aprile, presso il teatro &#8220;Vittorio Emanuele&#8221; il 166\u00b0 anniversario della sua fondazione, attraverso una cerimonia aperta al pubblico volta a ricordare i valori che da sempre la contraddistinguono, riassumibili nella seguente dicitura: l&#8217;esserci sempre [&hellip;]<\/p>\n","protected":false},"author":8,"featured_media":1443,"comment_status":"closed","ping_status":"open","sticky":false,"template":"","format":"standard","meta":{"ub_ctt_via":"","_mi_skip_tracking":false},"categories":[5],"tags":[],"featured_image_src":"https:\/\/www.messinaoggi.it\/website\/wp-content\/uploads\/2017\/06\/Polizia-Cappello-2.jpg","author_info":{"display_name":"red..me","author_link":"https:\/\/www.messinaoggi.it\/website\/author\/redstage\/"},"digistream_id":0,"digistream":false,"_links":{"self":[{"href":"https:\/\/www.messinaoggi.it\/website\/wp-json\/wp\/v2\/posts\/17997"}],"collection":[{"href":"https:\/\/www.messinaoggi.it\/website\/wp-json\/wp\/v2\/posts"}],"about":[{"href":"https:\/\/www.messinaoggi.it\/website\/wp-json\/wp\/v2\/types\/post"}],"author":[{"embeddable":true,"href":"https:\/\/www.messinaoggi.it\/website\/wp-json\/wp\/v2\/users\/8"}],"replies":[{"embeddable":true,"href":"https:\/\/www.messinaoggi.it\/website\/wp-json\/wp\/v2\/comments?post=17997"}],"version-history":[{"count":0,"href":"https:\/\/www.messinaoggi.it\/website\/wp-json\/wp\/v2\/posts\/17997\/revisions"}],"wp:featuredmedia":[{"embeddable":true,"href":"https:\/\/www.messinaoggi.it\/website\/wp-json\/wp\/v2\/media\/1443"}],"wp:attachment":[{"href":"https:\/\/www.messinaoggi.it\/website\/wp-json\/wp\/v2\/media?parent=17997"}],"wp:term":[{"taxonomy":"category","embeddable":true,"href":"https:\/\/www.messinaoggi.it\/website\/wp-json\/wp\/v2\/categories?post=17997"},{"taxonomy":"post_tag","embeddable":true,"href":"https:\/\/www.messinaoggi.it\/website\/wp-json\/wp\/v2\/tags?post=17997"}],"curies":[{"name":"wp","href":"https:\/\/api.w.org\/{rel}","templated":true}]}}