{"id":17996,"date":"2018-04-09T09:24:57","date_gmt":"2018-04-09T07:24:57","guid":{"rendered":"http:\/\/www.messinaoggi.it\/website\/?p=17996"},"modified":"2018-04-09T09:24:57","modified_gmt":"2018-04-09T07:24:57","slug":"festa-della-polizia-il-sap-non-partecipera-alla-cerimonia-lesi-diritti-fondamentali","status":"publish","type":"post","link":"https:\/\/www.messinaoggi.it\/website\/2018\/04\/09\/festa-della-polizia-il-sap-non-partecipera-alla-cerimonia-lesi-diritti-fondamentali\/","title":{"rendered":"Festa della polizia, il Sap non parteciper\u00e0 alla cerimonia: &quot;Lesi diritti fondamentali&quot;"},"content":{"rendered":"<p>&#8220;Anche la segreteria provinciale Sap di Messina non parteciper\u00e0 alla cerimonia celebrativa del 166\u00b0 Anniversario della Fondazione della polizia, perch\u00e9 non pu\u00f2 accettare che vengano lesi i diritti fondamentali sulle libert\u00e0 sindacali&#8221;: lo si legge in un comunicato a firma di Giorgio Guglielmo.<br \/>\nPer questo motivo, il segretario provinciale ha consegnato al Sig. Questore di Messina una lettera a firma del Segretario generale Stefano Paoloni, indirizzata al Capo della Polizia, Prefetto Franco Gabrielli, nella quale sono espresse le motivazioni della mancata partecipazione.<br \/>\n&#8220;Le motivazioni alla base di tale decisione sono da imputare alla limitazione di libert\u00e0 costituzionalmente garantite, di cui il Sap \u00e8 stato oggetto recentemente, per l\u2019ennesima volta. Ci riferiamo al procedimento per sospensione dal servizio avviato nei confronti dell\u2019ex Segretario Generale, oggi onorevole Gianni Tonelli, per aver, a suo tempo, denunciato sulla stampa come un\u2019espressione del Dipartimento di Pubblica Sicurezza, il Prefetto Stefano Gambacurta, avesse prestato il proprio volto per un video inserito nel programma elettorale di un grande partito in corsa alle scorse politiche.<br \/>\nIl Sap non dimentica e non accetta simili limitazioni, poich\u00e9 limitare le libert\u00e0 sindacali, significa inficiare il senso di democrazia, elemento cardine in una istituzione quale la Polizia di Stato.<br \/>\nLa festa della Polizia rappresenta un momento particolare anche e soprattutto per quei colleghi meritevoli che riceveranno onorificenze per il loro operato. Il Sap esprime compiacimento per questi colleghi, per quanto fatto, augurandosi che vi possano essere condizioni migliori che\u00a0 permettano di svolgere sempre meglio il proprio lavoro.<br \/>\nLa nostra assenza vuole semplicemente far comprendere che un sindacato libero consente anche di perseguire importanti obiettivi per un apparato della sicurezza pi\u00f9 efficiente, con organici adeguati, mezzi idonei, le necessarie tutele, meglio formato e livelli retributivi idonei&#8221;.<br \/>\n <div id=\"div-gpt-ad-Messinaoggi.it-DSK-300x250-corpoart\" style=\"text-align:center;margin:0 auto;\"><\/div><\/p>\n<div id=\"videoincontent\" style=\"clear:both\";><\/div>","protected":false},"excerpt":{"rendered":"<p>&#8220;Anche la segreteria provinciale Sap di Messina non parteciper\u00e0 alla cerimonia celebrativa del 166\u00b0 Anniversario della Fondazione della polizia, perch\u00e9 non pu\u00f2 accettare che vengano lesi i diritti fondamentali sulle libert\u00e0 sindacali&#8221;: lo si legge in un comunicato a firma di Giorgio Guglielmo. Per questo motivo, il segretario provinciale ha consegnato al Sig. Questore di [&hellip;]<\/p>\n","protected":false},"author":4,"featured_media":16695,"comment_status":"closed","ping_status":"open","sticky":false,"template":"","format":"standard","meta":{"ub_ctt_via":"","_mi_skip_tracking":false},"categories":[5],"tags":[],"featured_image_src":"https:\/\/www.messinaoggi.it\/website\/wp-content\/uploads\/2018\/03\/polizia-madonnina-del-porto-1.jpg","author_info":{"display_name":"redme","author_link":"https:\/\/www.messinaoggi.it\/website\/author\/redme\/"},"digistream_id":0,"digistream":false,"_links":{"self":[{"href":"https:\/\/www.messinaoggi.it\/website\/wp-json\/wp\/v2\/posts\/17996"}],"collection":[{"href":"https:\/\/www.messinaoggi.it\/website\/wp-json\/wp\/v2\/posts"}],"about":[{"href":"https:\/\/www.messinaoggi.it\/website\/wp-json\/wp\/v2\/types\/post"}],"author":[{"embeddable":true,"href":"https:\/\/www.messinaoggi.it\/website\/wp-json\/wp\/v2\/users\/4"}],"replies":[{"embeddable":true,"href":"https:\/\/www.messinaoggi.it\/website\/wp-json\/wp\/v2\/comments?post=17996"}],"version-history":[{"count":0,"href":"https:\/\/www.messinaoggi.it\/website\/wp-json\/wp\/v2\/posts\/17996\/revisions"}],"wp:featuredmedia":[{"embeddable":true,"href":"https:\/\/www.messinaoggi.it\/website\/wp-json\/wp\/v2\/media\/16695"}],"wp:attachment":[{"href":"https:\/\/www.messinaoggi.it\/website\/wp-json\/wp\/v2\/media?parent=17996"}],"wp:term":[{"taxonomy":"category","embeddable":true,"href":"https:\/\/www.messinaoggi.it\/website\/wp-json\/wp\/v2\/categories?post=17996"},{"taxonomy":"post_tag","embeddable":true,"href":"https:\/\/www.messinaoggi.it\/website\/wp-json\/wp\/v2\/tags?post=17996"}],"curies":[{"name":"wp","href":"https:\/\/api.w.org\/{rel}","templated":true}]}}