{"id":179758,"date":"2023-12-06T14:08:04","date_gmt":"2023-12-06T13:08:04","guid":{"rendered":"https:\/\/www.messinaoggi.it\/website\/2023\/12\/06\/salario-minimo-alla-camera-passa-il-nuovo-testo-schlein-giorno-triste\/"},"modified":"2023-12-06T14:08:04","modified_gmt":"2023-12-06T13:08:04","slug":"salario-minimo-alla-camera-passa-il-nuovo-testo-schlein-giorno-triste","status":"publish","type":"post","link":"https:\/\/www.messinaoggi.it\/website\/2023\/12\/06\/salario-minimo-alla-camera-passa-il-nuovo-testo-schlein-giorno-triste\/","title":{"rendered":"Salario minimo, alla Camera passa il nuovo testo.Schlein \u201cGiorno triste\u201d"},"content":{"rendered":"<div>ROMA (ITALPRESS) &#8211; Via libera, da parte dell&#8217;Aula della Camera, con 153 s\u00ec, 118 no e tre astenuti, alla proposta di legge recante deleghe al governo in materia di retribuzione dei lavoratori e di contrattazione collettiva, nonch\u00e8 di procedure di controllo e informazione. Il testo passa, ora, all&#8217;esame del Senato. &#8220;Oggi \u00e8 un giorno triste, oggi che accartocciate con una mano la proposta di salario minimo delle opposizioni e con l&#8217;altro date un manrovescio a milioni di lavoratori poveri. Vorremmo sapere perch\u00e8 Meloni ce l&#8217;ha cos\u00ec tanto con i poveri. Voi all&#8217;ascensore sociale state tagliando i fili perch\u00e8 chi \u00e8 povero resti povero&#8221;, ha detto nell&#8217;Aula della Camera la segretaria del Pd Elly Schlein in dichiarazione di voto.<br \/>-foto Agenzia Fotogramma-<br \/>(ITALPRESS).<\/div>\n<div id=\"div-gpt-ad-Messinaoggi.it-DSK-300x250-corpoart\" style=\"text-align:center;margin:0 auto;\"><\/div><\/p><div id=\"videoincontent\" style=\"clear:both\";><\/div>","protected":false},"excerpt":{"rendered":"<p>ROMA (ITALPRESS) &#8211; Via libera, da parte dell&#8217;Aula della Camera, con 153 s\u00ec, 118 no e tre astenuti, alla proposta di legge recante deleghe al governo in materia di retribuzione dei lavoratori e di contrattazione collettiva, nonch\u00e8 di procedure di controllo e informazione. Il testo passa, ora, all&#8217;esame del Senato. &#8220;Oggi \u00e8 un giorno triste, [&hellip;]<\/p>\n","protected":false},"author":18,"featured_media":179759,"comment_status":"closed","ping_status":"closed","sticky":false,"template":"","format":"standard","meta":{"ub_ctt_via":"","_mi_skip_tracking":false},"categories":[446],"tags":[783],"featured_image_src":"https:\/\/www.messinaoggi.it\/website\/wp-content\/uploads\/2023\/12\/20231206_0455.jpg","author_info":{"display_name":"Admin","author_link":"https:\/\/www.messinaoggi.it\/website\/author\/admin\/"},"digistream_id":0,"digistream":false,"_links":{"self":[{"href":"https:\/\/www.messinaoggi.it\/website\/wp-json\/wp\/v2\/posts\/179758"}],"collection":[{"href":"https:\/\/www.messinaoggi.it\/website\/wp-json\/wp\/v2\/posts"}],"about":[{"href":"https:\/\/www.messinaoggi.it\/website\/wp-json\/wp\/v2\/types\/post"}],"author":[{"embeddable":true,"href":"https:\/\/www.messinaoggi.it\/website\/wp-json\/wp\/v2\/users\/18"}],"replies":[{"embeddable":true,"href":"https:\/\/www.messinaoggi.it\/website\/wp-json\/wp\/v2\/comments?post=179758"}],"version-history":[{"count":0,"href":"https:\/\/www.messinaoggi.it\/website\/wp-json\/wp\/v2\/posts\/179758\/revisions"}],"wp:featuredmedia":[{"embeddable":true,"href":"https:\/\/www.messinaoggi.it\/website\/wp-json\/wp\/v2\/media\/179759"}],"wp:attachment":[{"href":"https:\/\/www.messinaoggi.it\/website\/wp-json\/wp\/v2\/media?parent=179758"}],"wp:term":[{"taxonomy":"category","embeddable":true,"href":"https:\/\/www.messinaoggi.it\/website\/wp-json\/wp\/v2\/categories?post=179758"},{"taxonomy":"post_tag","embeddable":true,"href":"https:\/\/www.messinaoggi.it\/website\/wp-json\/wp\/v2\/tags?post=179758"}],"curies":[{"name":"wp","href":"https:\/\/api.w.org\/{rel}","templated":true}]}}