{"id":179732,"date":"2023-12-06T10:26:49","date_gmt":"2023-12-06T09:26:49","guid":{"rendered":"http:\/\/www.messinaoggi.it\/website\/?p=179732"},"modified":"2023-12-06T10:26:50","modified_gmt":"2023-12-06T09:26:50","slug":"policlinico-sciopero-del-personale-il-18-dicembre","status":"publish","type":"post","link":"https:\/\/www.messinaoggi.it\/website\/2023\/12\/06\/policlinico-sciopero-del-personale-il-18-dicembre\/","title":{"rendered":"Policlinico: sciopero del personale il 18 dicembre"},"content":{"rendered":"\n<p>Proclamato lo sciopero del personale aderente alle sigle sindacali Uil-Fpl, FpCgil, Fials, Nursind, Nursing-Up e Usb, per giorno 18 dicembre 2023, al Policlinio di Messina. La decisione \u00e8 stata assunta dopo l\u2019esperimento delle procedure di raffreddamento in Prefettura. <div id=\"div-gpt-ad-Messinaoggi.it-DSK-300x250-corpoart\" style=\"text-align:center;margin:0 auto;\"><\/div><\/p>\n\n\n\n<p>Obiettivo dello sciopero con manifestazione annessa \u00e8 quello di sensibilizzare l\u2019assessorato regionale alla salute di innalzare il tetto di spesa necessario per garantire i Lea (Livelli essenziali di assistenza), alla luce delle molteplici criticit\u00e0 riscontrate e denunciate dalle sei sigle sindacali. <div id=\"videoincontent\" style=\"clear:both\";><\/div><\/p>\n\n\n\n<p>I sindacati hanno cos\u00ec proclamato lo sciopero che avr\u00e0 inizio alle 7 del 18 dicembre prossimo e si concluder\u00e0 alle ore 7 del giorno successivo. Contestualmente &#8211; fanno sapere i sindacati &#8211; \u00e8 prevista una manifestazione con assembramento dalle ore 8,30 alle 15 del 18 dicembre 2023, presso l\u2019Area antistante gli Uffici Amministrativi della Direzione Generale dell\u2019AOU Policlinico di Messina.\u00a0<\/p>\n","protected":false},"excerpt":{"rendered":"<p>Proclamato lo sciopero del personale aderente alle sigle sindacali Uil-Fpl, FpCgil, Fials, Nursind, Nursing-Up e Usb, per giorno 18 dicembre 2023, al Policlinio di Messina. La decisione \u00e8 stata assunta dopo l\u2019esperimento delle procedure di raffreddamento in Prefettura. Obiettivo dello sciopero con manifestazione annessa \u00e8 quello di sensibilizzare l\u2019assessorato regionale alla salute di innalzare il [&hellip;]<\/p>\n","protected":false},"author":2,"featured_media":156536,"comment_status":"open","ping_status":"open","sticky":false,"template":"","format":"standard","meta":{"ub_ctt_via":"","_mi_skip_tracking":false},"categories":[19],"tags":[9209,556,9208,773],"featured_image_src":"https:\/\/www.messinaoggi.it\/website\/wp-content\/uploads\/2023\/05\/Policlinico-Pronto-Soccorso-2023-4.jpeg","author_info":{"display_name":"Redazione","author_link":"https:\/\/www.messinaoggi.it\/website\/author\/redazione\/"},"digistream_id":0,"digistream":false,"_links":{"self":[{"href":"https:\/\/www.messinaoggi.it\/website\/wp-json\/wp\/v2\/posts\/179732"}],"collection":[{"href":"https:\/\/www.messinaoggi.it\/website\/wp-json\/wp\/v2\/posts"}],"about":[{"href":"https:\/\/www.messinaoggi.it\/website\/wp-json\/wp\/v2\/types\/post"}],"author":[{"embeddable":true,"href":"https:\/\/www.messinaoggi.it\/website\/wp-json\/wp\/v2\/users\/2"}],"replies":[{"embeddable":true,"href":"https:\/\/www.messinaoggi.it\/website\/wp-json\/wp\/v2\/comments?post=179732"}],"version-history":[{"count":1,"href":"https:\/\/www.messinaoggi.it\/website\/wp-json\/wp\/v2\/posts\/179732\/revisions"}],"predecessor-version":[{"id":179733,"href":"https:\/\/www.messinaoggi.it\/website\/wp-json\/wp\/v2\/posts\/179732\/revisions\/179733"}],"wp:featuredmedia":[{"embeddable":true,"href":"https:\/\/www.messinaoggi.it\/website\/wp-json\/wp\/v2\/media\/156536"}],"wp:attachment":[{"href":"https:\/\/www.messinaoggi.it\/website\/wp-json\/wp\/v2\/media?parent=179732"}],"wp:term":[{"taxonomy":"category","embeddable":true,"href":"https:\/\/www.messinaoggi.it\/website\/wp-json\/wp\/v2\/categories?post=179732"},{"taxonomy":"post_tag","embeddable":true,"href":"https:\/\/www.messinaoggi.it\/website\/wp-json\/wp\/v2\/tags?post=179732"}],"curies":[{"name":"wp","href":"https:\/\/api.w.org\/{rel}","templated":true}]}}