{"id":179730,"date":"2023-12-06T10:08:00","date_gmt":"2023-12-06T09:08:00","guid":{"rendered":"https:\/\/www.messinaoggi.it\/website\/2023\/12\/06\/meloni-si-e-parlato-delle-mie-questioni-personali-senza-pieta\/"},"modified":"2023-12-06T10:08:00","modified_gmt":"2023-12-06T09:08:00","slug":"meloni-si-e-parlato-delle-mie-questioni-personali-senza-pieta","status":"publish","type":"post","link":"https:\/\/www.messinaoggi.it\/website\/2023\/12\/06\/meloni-si-e-parlato-delle-mie-questioni-personali-senza-pieta\/","title":{"rendered":"Meloni \u201cSi \u00e8 parlato delle mie questioni personali senza piet\u00e0\u201d"},"content":{"rendered":"<div>ROMA (ITALPRESS) &#8211; &#8220;Con la proposta sul salario minimo presentata dalle opposizioni per paradosso rischiavi di abbassare alcuni salari un p\u00f2 pi\u00f9 alti per adeguarsi ai nove euro, come maggioranza abbiamo presentato un emendamento per risolvere il problema delle sacche di quei lavoratori che hanno stipendi pi\u00f9 bassi dei nove euro l&#8217;ora, e penso per esempio ai lavoratori domestici, questo senza rischiare di abbassare gli altri&#8221;. Lo ha detto il presidente del Consiglio, Giorgia Meloni, ospite di Rtl 102.5. &#8220;Sulle proteste delle opposizioni un p\u00f2 sorrido perch\u00e8 in 10 anni che sono stati al governo hanno mai fatto una legge sul salario minimo &#8211; ha aggiunto -. Anche i sindacati quando vanno a firmare i contratti collettivi firmano quelli di poco pi\u00f9 di 5 euro&#8230;&#8221;.<br \/>\nSecondo la premier &#8220;il centrodestra sta molto bene, al di l\u00e0 di tutte le ricostruzioni che leggiamo ogni giorno, c&#8217;\u00e8 un metro solo per valutare la coesione di un governo: la velocit\u00e0 con i quali i governi riescono ad operare, io penso che si vede che questo governo lavora velocemente, ho visto governi impantanati per mesi, questo a noi non accade, ed \u00e8 la dimostrazione di una coesione di fondo&#8221;. &#8220;Oggi noi abbiamo una grande occasione nel parlamento europeo &#8211; ha aggiunto -. Potremmo trovarci con un Italia che conta molto di pi\u00f9, \u00e8 l&#8217;obiettivo di tutta la maggioranza. Noi siamo di fronte ad una grande stagione, sar\u00e0 una campagna elettorale molto tosta&#8221;.<br \/>\nMeloni ha parlato del 2023 come &#8220;un anno tosto&#8221;. &#8220;Si \u00e8 parlato troppo delle mie questioni personali? Diciamo che si \u00e8 parlato delle volte senza piet\u00e0, per\u00f2 elmetto in testa e si combatte&#8221;.<div id=\"div-gpt-ad-Messinaoggi.it-DSK-300x250-corpoart\" style=\"text-align:center;margin:0 auto;\"><\/div><\/p>\n<p>&#8211; foto: Agenzia Fotogramma &#8211;<br \/>\n(ITALPRESS).<div id=\"videoincontent\" style=\"clear:both\";><\/div><\/p><\/div>\n","protected":false},"excerpt":{"rendered":"<p>ROMA (ITALPRESS) &#8211; &#8220;Con la proposta sul salario minimo presentata dalle opposizioni per paradosso rischiavi di abbassare alcuni salari un p\u00f2 pi\u00f9 alti per adeguarsi ai nove euro, come maggioranza abbiamo presentato un emendamento per risolvere il problema delle sacche di quei lavoratori che hanno stipendi pi\u00f9 bassi dei nove euro l&#8217;ora, e penso per [&hellip;]<\/p>\n","protected":false},"author":18,"featured_media":179731,"comment_status":"closed","ping_status":"closed","sticky":false,"template":"","format":"standard","meta":{"ub_ctt_via":"","_mi_skip_tracking":false},"categories":[446],"tags":[783],"featured_image_src":"https:\/\/www.messinaoggi.it\/website\/wp-content\/uploads\/2023\/12\/20231206_0102.jpg","author_info":{"display_name":"Admin","author_link":"https:\/\/www.messinaoggi.it\/website\/author\/admin\/"},"digistream_id":0,"digistream":false,"_links":{"self":[{"href":"https:\/\/www.messinaoggi.it\/website\/wp-json\/wp\/v2\/posts\/179730"}],"collection":[{"href":"https:\/\/www.messinaoggi.it\/website\/wp-json\/wp\/v2\/posts"}],"about":[{"href":"https:\/\/www.messinaoggi.it\/website\/wp-json\/wp\/v2\/types\/post"}],"author":[{"embeddable":true,"href":"https:\/\/www.messinaoggi.it\/website\/wp-json\/wp\/v2\/users\/18"}],"replies":[{"embeddable":true,"href":"https:\/\/www.messinaoggi.it\/website\/wp-json\/wp\/v2\/comments?post=179730"}],"version-history":[{"count":0,"href":"https:\/\/www.messinaoggi.it\/website\/wp-json\/wp\/v2\/posts\/179730\/revisions"}],"wp:featuredmedia":[{"embeddable":true,"href":"https:\/\/www.messinaoggi.it\/website\/wp-json\/wp\/v2\/media\/179731"}],"wp:attachment":[{"href":"https:\/\/www.messinaoggi.it\/website\/wp-json\/wp\/v2\/media?parent=179730"}],"wp:term":[{"taxonomy":"category","embeddable":true,"href":"https:\/\/www.messinaoggi.it\/website\/wp-json\/wp\/v2\/categories?post=179730"},{"taxonomy":"post_tag","embeddable":true,"href":"https:\/\/www.messinaoggi.it\/website\/wp-json\/wp\/v2\/tags?post=179730"}],"curies":[{"name":"wp","href":"https:\/\/api.w.org\/{rel}","templated":true}]}}