{"id":179721,"date":"2023-12-06T09:08:00","date_gmt":"2023-12-06T08:08:00","guid":{"rendered":"https:\/\/www.messinaoggi.it\/website\/2023\/12\/06\/salvini-vogliamo-cambiare-la-ue-basta-veti-ai-partiti-sgraditi\/"},"modified":"2023-12-06T10:01:04","modified_gmt":"2023-12-06T09:01:04","slug":"salvini-vogliamo-cambiare-la-ue-basta-veti-ai-partiti-sgraditi","status":"publish","type":"post","link":"https:\/\/www.messinaoggi.it\/website\/2023\/12\/06\/salvini-vogliamo-cambiare-la-ue-basta-veti-ai-partiti-sgraditi\/","title":{"rendered":"Salvini \u201cVogliamo cambiare la Ue, basta veti ai partiti sgraditi\u201d"},"content":{"rendered":"<div>MILANO (ITALPRESS) &#8211; &#8220;A Firenze si sono ritrovate forze che propongono un&#8217;Europa diversa da quella plasmata (male) dai socialisti. Desideriamo proporre un modello diverso, promuovendo una cooperazione tra Stati con pari dignit\u00e0 capaci di accordarsi su alcuni temi fondamentali senza complicare la vita ai singoli governi nazionali, soprattutto se sgraditi all&#8217;orientamento della Commissione come troppe volte accaduto in passato. E&#8217; un insegnamento di Silvio Berlusconi, che sdogan\u00f2 il Movimento sociale italiano per bloccare il Pci-Pds, ora Pd. Includere. Non porre veti&#8221;. Lo scrive in una lettera al &#8220;Corriere della Sera&#8221; il vicepremier e ministro delle Infrastrutture e dei Trasporti, Matteo Salvini. &#8220;Sono convinto &#8211; aggiunge &#8211; che l&#8217;integrazione europea non sia stata immaginata per moltiplicare la burocrazia e aprire alla carne sintetica, per cancellare frettolosamente i motori tradizionali&#8221;, o &#8220;per rassegnarci a una immigrazione senza controllo&#8221;.<br \/>\nSecondo il leader leghista &#8220;l&#8217;Europa \u00e8 un continente che affronta molti problemi oggi, sia interni che esterni, che vanno affrontati con concretezza e senza ideologia. Il centrodestra unito ha gi\u00e0 consentito di smontare alcuni provvedimenti sbagliati come quelli sugli imballaggi&#8221;. &#8220;La Lega ha sempre messo in guardia dagli eccessivi paletti di Bruxelles, un freno alla crescita delle nazioni&#8221;, rivendica Salvini, rammentando che &#8220;la Lega ha sempre votato tutti i provvedimenti a sostegno all&#8217;Ucraina ed \u00e8 da sempre al fianco di Israele&#8221;. E si chiede: &#8220;Si pu\u00f2 ignorare un partito che in Francia ha il 30%, si pu\u00f2 snobbare il primo partito in Olanda, cancelliamo uno tra i pi\u00f9 rilevanti partiti dell&#8217;Austria, tagliamo la forza che cresce di pi\u00f9 in Germania? Davvero un pezzo di centrodestra europeo preferisce allearsi con i socialisti delle tasse e delle frontiere aperte in cambio di prebende e cedendo sulla linea politica?&#8221;. &#8220;Anche per queste considerazioni &#8211; conclude Salvini &#8211; il centrodestra deve coltivare l&#8217;unit\u00e0 in Europa come abbiamo fatto (e continueremo a fare) in Italia. Ce lo ha insegnato Berlusconi. Io non lo dimentico&#8221;.<div id=\"div-gpt-ad-Messinaoggi.it-DSK-300x250-corpoart\" style=\"text-align:center;margin:0 auto;\"><\/div><\/p>\n<p>&#8211; foto: Agenzia Fotogramma &#8211;<br \/>\n(ITALPRESS).<div id=\"videoincontent\" style=\"clear:both\";><\/div><\/p><\/div>\n","protected":false},"excerpt":{"rendered":"<p>MILANO (ITALPRESS) &#8211; &#8220;A Firenze si sono ritrovate forze che propongono un&#8217;Europa diversa da quella plasmata (male) dai socialisti. Desideriamo proporre un modello diverso, promuovendo una cooperazione tra Stati con pari dignit\u00e0 capaci di accordarsi su alcuni temi fondamentali senza complicare la vita ai singoli governi nazionali, soprattutto se sgraditi all&#8217;orientamento della Commissione come troppe [&hellip;]<\/p>\n","protected":false},"author":18,"featured_media":179722,"comment_status":"closed","ping_status":"closed","sticky":false,"template":"","format":"standard","meta":{"ub_ctt_via":"","_mi_skip_tracking":false},"categories":[446,4],"tags":[783],"featured_image_src":"https:\/\/www.messinaoggi.it\/website\/wp-content\/uploads\/2023\/12\/20231206_0037.jpg","author_info":{"display_name":"Admin","author_link":"https:\/\/www.messinaoggi.it\/website\/author\/admin\/"},"digistream_id":0,"digistream":false,"_links":{"self":[{"href":"https:\/\/www.messinaoggi.it\/website\/wp-json\/wp\/v2\/posts\/179721"}],"collection":[{"href":"https:\/\/www.messinaoggi.it\/website\/wp-json\/wp\/v2\/posts"}],"about":[{"href":"https:\/\/www.messinaoggi.it\/website\/wp-json\/wp\/v2\/types\/post"}],"author":[{"embeddable":true,"href":"https:\/\/www.messinaoggi.it\/website\/wp-json\/wp\/v2\/users\/18"}],"replies":[{"embeddable":true,"href":"https:\/\/www.messinaoggi.it\/website\/wp-json\/wp\/v2\/comments?post=179721"}],"version-history":[{"count":1,"href":"https:\/\/www.messinaoggi.it\/website\/wp-json\/wp\/v2\/posts\/179721\/revisions"}],"predecessor-version":[{"id":179729,"href":"https:\/\/www.messinaoggi.it\/website\/wp-json\/wp\/v2\/posts\/179721\/revisions\/179729"}],"wp:featuredmedia":[{"embeddable":true,"href":"https:\/\/www.messinaoggi.it\/website\/wp-json\/wp\/v2\/media\/179722"}],"wp:attachment":[{"href":"https:\/\/www.messinaoggi.it\/website\/wp-json\/wp\/v2\/media?parent=179721"}],"wp:term":[{"taxonomy":"category","embeddable":true,"href":"https:\/\/www.messinaoggi.it\/website\/wp-json\/wp\/v2\/categories?post=179721"},{"taxonomy":"post_tag","embeddable":true,"href":"https:\/\/www.messinaoggi.it\/website\/wp-json\/wp\/v2\/tags?post=179721"}],"curies":[{"name":"wp","href":"https:\/\/api.w.org\/{rel}","templated":true}]}}