{"id":17966,"date":"2018-04-08T14:57:37","date_gmt":"2018-04-08T12:57:37","guid":{"rendered":"http:\/\/www.messinaoggi.it\/website\/?p=17966"},"modified":"2018-04-08T14:57:37","modified_gmt":"2018-04-08T12:57:37","slug":"verso-il-10-giugno-la-barrile-presenta-la-lista-e-lancia-un-messaggio-a-bramanti-io-donna-del-popolo-e-ne-vado-fiera","status":"publish","type":"post","link":"https:\/\/www.messinaoggi.it\/website\/2018\/04\/08\/verso-il-10-giugno-la-barrile-presenta-la-lista-e-lancia-un-messaggio-a-bramanti-io-donna-del-popolo-e-ne-vado-fiera\/","title":{"rendered":"Verso il 10 giugno, la Barrile presenta la lista e lancia un messaggio a Bramanti: &quot;Io donna del popolo e ne vado fiera&quot;"},"content":{"rendered":"<p style=\"text-align: justify\">Emilia Barrile si candida, ma lascia una porta sempre aperta a Dino Bramanti che si dice pronto a raccogliere l\u2019invito. D\u2019altronde il biglietto da visita della presidente del Consiglio Comunale non pu\u00f2 lasciare indifferenti, un Salone delle Bandiere stracolmo come mai negli ultimi anni, una folla pronta ad accogliere una di loro, una figlia del popolo pronta a mettersi pesantemente in gioco in vista del 10 giugno. Lealt\u00e0 e coerenza, due parole che la Barrile nomina spesso nel proprio discorso, ma una \u00e8 ben presente e visibile nel simbolo della propria lista.<div id=\"div-gpt-ad-Messinaoggi.it-DSK-300x250-corpoart\" style=\"text-align:center;margin:0 auto;\"><\/div><\/p>\n<p style=\"text-align: justify\">Leali-Progetto per Messina, questo il nome del movimento portato avanti dalla Barrile, che su un ipotetico futuro al fianco di Dino Bramanti chiarisce:<em> \u201cQuesta sala cos\u00ec piena di amici \u00e8 la risposta che ci voleva e che sinceramente non mi aspettavo, questo affetto e questa stima sono la forza di cui ho bisogno per andare avanti. Ma \u00e8 la risposta a tutti i leader politici cittadini. Noi siamo aperti al dialogo, non chiudiamo la porta a prescindere a nessuno, ma ci devono essere le condizioni affinch\u00e8 questo dialogo ci sia altrimenti andr\u00f2 avanti da sola ma sempre al fianco del popolo. Non chiedo poltrone, me le hanno gi\u00e0 offerte, chiedo chiarezza sui progetti\u201d.<\/em><div id=\"videoincontent\" style=\"clear:both\";><\/div><\/p>\n<p style=\"text-align: justify\">Un invito chiaro e tondo all\u2019indirizzo di Bramanti, che adesso dovr\u00e0 fare dei sostanziali passi verso la presidente del civico consesso. Quest\u2019ultima stuzzica il lato popolare della platea: <em>\u201cPurtroppo c\u2019\u00e8 chi pensa che Messina nasca e finisca sul viale della Libert\u00e0 o sul viale Europa, ci sono 48 villaggi, io conosco le sofferenze di chi vie nelle baracche, nelle difficolt\u00e0, sulla paura di chi sta a casa nel rischio che gli cada un pezzo di intonaco sopra la testa. Questo mio stare in mezzo alla gente e la caratteristica che io ho mantenuto intatta dal 2003 ad oggi, fin da quando mi sono candidata per rappresentare il quartiere dove sono nata e cresciuta. Tutti mi hanno affibbiato un\u2019appartenenza politica, ma io sono e rester\u00f2 sempre Emilia, posso dire con estrema certezza di conoscervi uno per uno\u201d.<\/em><\/p>\n<p style=\"text-align: justify\">Non a caso, la Barrile ha scelto la giornata odierna per presentare la propria lista: \u201cL\u20198 aprile \u00e8 nata la mia primogenita, \u00a0<em>potevo ritirarmi a vita privata e fare la mamma e la nonna ma poi mi sono detta: \u201cChi ci pensa alle classi deboli di Messina? Io sono la dimostrazione che dal nulla si pu\u00f2 fare qualcosa per la citt\u00e0. Io non ho politici in famiglia, ho fatto tutto da sola e voglio aiutare le persone semplici come me. Le persone non si devono rassegnare a vivere nelle baracche, ma non ci si pu\u00f2 interessare del problema solo nei tre mesi della campagna elettorale, bisogna pensarci 365 giorni all\u2019anno. Il risanamento deve essere uno dei temi principali nel programma per la citt\u00e0. Sarebbe stato facile per me mettermi in una lista e prendere voti ma io voglio mettere le ali a Messina e raggiungeremo il 5%. Non mi sono mai vergognata di essere nata e crescita nei quartieri popolari e nei mercati rionali, io posso dire con orgoglio di consocere queste realt\u00e0. Molti big della politica locale no&#8221;.\u00a0<\/em><\/p>\n","protected":false},"excerpt":{"rendered":"<p>Emilia Barrile si candida, ma lascia una porta sempre aperta a Dino Bramanti che si dice pronto a raccogliere l\u2019invito. D\u2019altronde il biglietto da visita della presidente del Consiglio Comunale non pu\u00f2 lasciare indifferenti, un Salone delle Bandiere stracolmo come mai negli ultimi anni, una folla pronta ad accogliere una di loro, una figlia del [&hellip;]<\/p>\n","protected":false},"author":14,"featured_media":17967,"comment_status":"closed","ping_status":"open","sticky":false,"template":"","format":"standard","meta":{"ub_ctt_via":"","_mi_skip_tracking":false},"categories":[6],"tags":[],"featured_image_src":"https:\/\/www.messinaoggi.it\/website\/wp-content\/uploads\/2018\/04\/barrile-1.jpg","author_info":{"display_name":"Antonio Macauda","author_link":"https:\/\/www.messinaoggi.it\/website\/author\/a-macauda\/"},"digistream_id":0,"digistream":false,"_links":{"self":[{"href":"https:\/\/www.messinaoggi.it\/website\/wp-json\/wp\/v2\/posts\/17966"}],"collection":[{"href":"https:\/\/www.messinaoggi.it\/website\/wp-json\/wp\/v2\/posts"}],"about":[{"href":"https:\/\/www.messinaoggi.it\/website\/wp-json\/wp\/v2\/types\/post"}],"author":[{"embeddable":true,"href":"https:\/\/www.messinaoggi.it\/website\/wp-json\/wp\/v2\/users\/14"}],"replies":[{"embeddable":true,"href":"https:\/\/www.messinaoggi.it\/website\/wp-json\/wp\/v2\/comments?post=17966"}],"version-history":[{"count":0,"href":"https:\/\/www.messinaoggi.it\/website\/wp-json\/wp\/v2\/posts\/17966\/revisions"}],"wp:featuredmedia":[{"embeddable":true,"href":"https:\/\/www.messinaoggi.it\/website\/wp-json\/wp\/v2\/media\/17967"}],"wp:attachment":[{"href":"https:\/\/www.messinaoggi.it\/website\/wp-json\/wp\/v2\/media?parent=17966"}],"wp:term":[{"taxonomy":"category","embeddable":true,"href":"https:\/\/www.messinaoggi.it\/website\/wp-json\/wp\/v2\/categories?post=17966"},{"taxonomy":"post_tag","embeddable":true,"href":"https:\/\/www.messinaoggi.it\/website\/wp-json\/wp\/v2\/tags?post=17966"}],"curies":[{"name":"wp","href":"https:\/\/api.w.org\/{rel}","templated":true}]}}