{"id":179659,"date":"2023-12-05T20:07:59","date_gmt":"2023-12-05T19:07:59","guid":{"rendered":"https:\/\/www.messinaoggi.it\/website\/2023\/12\/05\/energia-dal-governo-via-libera-alle-nuove-norme-sul-mercato-tutelato\/"},"modified":"2023-12-05T20:07:59","modified_gmt":"2023-12-05T19:07:59","slug":"energia-dal-governo-via-libera-alle-nuove-norme-sul-mercato-tutelato","status":"publish","type":"post","link":"https:\/\/www.messinaoggi.it\/website\/2023\/12\/05\/energia-dal-governo-via-libera-alle-nuove-norme-sul-mercato-tutelato\/","title":{"rendered":"Energia, dal Governo via libera alle nuove norme sul mercato tutelato"},"content":{"rendered":"<div>ROMA (ITALPRESS) &#8211; Via libera del Consiglio dei ministri alla nuova disposizione normativa sul mercato tutelato nel settore della fornitura di energia elettrica. &#8220;La decisione &#8211; secondo quanto comunica Palazzo Chigi &#8211; \u00e8 in linea con gli impegni assunti nell&#8217;ambito della terza rata del PNRR, e si \u00e8 resa necessaria per garantire un graduale e informato passaggio al mercato libero&#8221;.<br \/>Circa quattro milioni e mezzo di famiglie &#8216;vulnerabil\u00ec continueranno a usufruire di forniture di energia elettrica a prezzi calmierati anche a seguito della liberalizzazione del mercato, prevista dal Legge n. 124 del 2017 e dagli obiettivi del Piano nazionale di ripresa e resilienza (PNRR) previsti nel 2021 come condizione per il pagamento della terza rata. Per le altre famiglie, attualmente nel mercato tutelato e corrispondenti a circa quattro milioni e mezzo di utenze, vengono introdotte misure per assicurare la massima informazione e le migliori condizioni nel passaggio al mercato libero dell&#8217;energia elettrica, che gi\u00e0 riguarda circa 21 milioni di famiglie.<br \/>E&#8217; quanto stabilito dalle disposizioni inserite nel decreto energia, approvato oggi dal Consiglio dei ministri, e finalizzate a disciplinare il passaggio graduale al mercato libero dei nove milioni di utenze domestiche che ancora usufruiscono del mercato tutelato, &#8220;rafforzando al contempo gli strumenti finalizzati a prevenire ingiustificati aumenti dei prezzi e possibili alterazioni delle condizioni di fornitura di energia elettrica&#8221;, sottolinea la Presidenza del Consiglio.<br \/>Limitatamente alla fornitura di energia elettrica in favore delle famiglie non vulnerabili, entro il 10 gennaio 2024 si proceder\u00e0 all&#8217;individuazione degli operatori economici che subentreranno nella fornitura.<br \/>Gli utenti interessati dal passaggio al mercato libero saranno destinatari di una specifica campagna informativa, nonch\u00e8 i principali beneficiari di una costante attivit\u00e0 di monitoraggio sulle attivit\u00e0 degli operatori e sull&#8217;andamento dei prezzi definita da ARERA in collaborazione con il Ministero dell&#8217;ambiente e della sicurezza energetica e con il coinvolgimento delle associazioni dei consumatori maggiormente rappresentative. Vengono, inoltre, introdotte delle semplificazioni relativamente al trasferimento della domiciliazione bancaria per il pagamento delle bollette, di cui viene prevista l&#8217;emissione con cadenza necessariamente bimestrale, ferma restando la libert\u00e0 dell&#8217;utente di scegliere un fornitore diverso da quello assegnato all&#8217;esito delle procedure competitive e una differente modalit\u00e0 di pagamento.<br \/>&#8220;Nel rispetto degli impegni assunti con il PNRR e in coerenza con la disciplina europea di settore &#8211; spiega ancora Palazzo Chigi -, si provvede a definire le modalit\u00e0 di erogazione dell&#8217;energia elettrica in favore delle fasce sociali pi\u00f9 deboli (gli utenti vulnerabili), prevedendo un obbligo di fornitura in capo all&#8217;operatore economico individuato all&#8217;esito di una procedura a evidenza pubblica regolata da ARERA. Nei confronti di questi utenti viene garantito il mantenimento di prezzi calmierati anche all&#8217;indomani della definitiva cessazione del regime del mercato tutelato&#8221;.<div id=\"div-gpt-ad-Messinaoggi.it-DSK-300x250-corpoart\" style=\"text-align:center;margin:0 auto;\"><\/div><\/p>\n<p>&#8211; Foto: Agenzia Fotogramma &#8211;<div id=\"videoincontent\" style=\"clear:both\";><\/div><\/p>\n<p>(ITALPRESS).<\/p><\/div>\n","protected":false},"excerpt":{"rendered":"<p>ROMA (ITALPRESS) &#8211; Via libera del Consiglio dei ministri alla nuova disposizione normativa sul mercato tutelato nel settore della fornitura di energia elettrica. &#8220;La decisione &#8211; secondo quanto comunica Palazzo Chigi &#8211; \u00e8 in linea con gli impegni assunti nell&#8217;ambito della terza rata del PNRR, e si \u00e8 resa necessaria per garantire un graduale e [&hellip;]<\/p>\n","protected":false},"author":18,"featured_media":179660,"comment_status":"closed","ping_status":"closed","sticky":false,"template":"","format":"standard","meta":{"ub_ctt_via":"","_mi_skip_tracking":false},"categories":[446],"tags":[783],"featured_image_src":"https:\/\/www.messinaoggi.it\/website\/wp-content\/uploads\/2023\/12\/20231205_1683.jpg","author_info":{"display_name":"Admin","author_link":"https:\/\/www.messinaoggi.it\/website\/author\/admin\/"},"digistream_id":0,"digistream":false,"_links":{"self":[{"href":"https:\/\/www.messinaoggi.it\/website\/wp-json\/wp\/v2\/posts\/179659"}],"collection":[{"href":"https:\/\/www.messinaoggi.it\/website\/wp-json\/wp\/v2\/posts"}],"about":[{"href":"https:\/\/www.messinaoggi.it\/website\/wp-json\/wp\/v2\/types\/post"}],"author":[{"embeddable":true,"href":"https:\/\/www.messinaoggi.it\/website\/wp-json\/wp\/v2\/users\/18"}],"replies":[{"embeddable":true,"href":"https:\/\/www.messinaoggi.it\/website\/wp-json\/wp\/v2\/comments?post=179659"}],"version-history":[{"count":0,"href":"https:\/\/www.messinaoggi.it\/website\/wp-json\/wp\/v2\/posts\/179659\/revisions"}],"wp:featuredmedia":[{"embeddable":true,"href":"https:\/\/www.messinaoggi.it\/website\/wp-json\/wp\/v2\/media\/179660"}],"wp:attachment":[{"href":"https:\/\/www.messinaoggi.it\/website\/wp-json\/wp\/v2\/media?parent=179659"}],"wp:term":[{"taxonomy":"category","embeddable":true,"href":"https:\/\/www.messinaoggi.it\/website\/wp-json\/wp\/v2\/categories?post=179659"},{"taxonomy":"post_tag","embeddable":true,"href":"https:\/\/www.messinaoggi.it\/website\/wp-json\/wp\/v2\/tags?post=179659"}],"curies":[{"name":"wp","href":"https:\/\/api.w.org\/{rel}","templated":true}]}}