{"id":179655,"date":"2023-12-05T19:08:01","date_gmt":"2023-12-05T18:08:01","guid":{"rendered":"https:\/\/www.messinaoggi.it\/website\/2023\/12\/05\/metsola-difendere-gli-interessi-europei-nel-mondo-globale\/"},"modified":"2023-12-05T19:08:01","modified_gmt":"2023-12-05T18:08:01","slug":"metsola-difendere-gli-interessi-europei-nel-mondo-globale","status":"publish","type":"post","link":"https:\/\/www.messinaoggi.it\/website\/2023\/12\/05\/metsola-difendere-gli-interessi-europei-nel-mondo-globale\/","title":{"rendered":"Metsola \u201cDifendere gli interessi europei nel mondo globale\u201d"},"content":{"rendered":"<div>PALERMO (ITALPRESS) &#8211; &#8220;Non posso fare a meno di pensare a Giulia Cecchettin, che era una studentessa come voi, donna brillante, la cui vita \u00e8 stata stroncata nel peggiore dei modi. Nessuna parola di conforto potr\u00e0 riportarla indietro. Dobbiamo fare di pi\u00f9&#8221;. Lo ha detto la presidente del Parlamento europeo, Roberta Metsola, nel corso del suo intervento alla cerimonia di inaugurazione del nuovo anno accademico dell&#8217;Universit\u00e0 di Palermo. Ad accoglierla il rettore Massimo Midiri.<br \/>&#8220;Vi invito tutti a ricordarla non con un minuto di silenzio ma con un minuto di rumore, con un applauso cos\u00ec forte da arrivare a lei&#8221;, ha aggiunto la presidente Metsola, che ha poi affrontato i temi di pi\u00f9 scottante attualit\u00e0.<br \/>&#8220;Non possiamo distogliere lo sguardo da Gaza, la situazione \u00e8 disperata e l&#8217;ho vista con i miei occhi &#8211; ha sottolineato -. Ho incontrato le famiglie rapite da Hamas e le persone che stanno piangendo la perdita dei propri familiari a Gaza. Bisogna ribadire il nostro rifiuto nei confronti del terrorismo e cercare di garantire la liberazione degli ostaggi e fornire quanti pi\u00f9 aiuti a chi ne ha bisogno. Dobbiamo trovare una soluzione di pace a lungo termine con una soluzione che dia speranza&#8221;.<br \/>Poi, in merito al conflitto in Ucraina: &#8220;Perch\u00e8 abbiamo sostenuto l&#8217;Ucraina con tutte le nostre forze? Perch\u00e8 abbiamo inviato aiuti umanitari, militari e finanziari&#8230; e perch\u00e8 continuiamo a farlo? Perch\u00e8 il Parlamento europeo \u00e8 stata la prima istituzione dell&#8217;UE a legittimare il percorso europeo dell&#8217;Ucraina e a chiedere che le venisse riconosciuto lo status di candidato all&#8217;UE? Perch\u00e8 ci siamo uniti per adottare diversi pacchetti di sanzioni contro la Russia, lottando allo stesso tempo contro le ondate di disinformazione e di paura del Cremlino? Perch\u00e8 per l&#8217;Europa questo \u00e8 ci\u00f2 che abbiamo promesso per generazioni: che siamo a favore della giustizia, della libert\u00e0, dello Stato di diritto. Anche quando \u00e8 difficile farlo &#8211; ha detto nel corso del suo intervento alla cerimonia di inaugurazione del nuovo anno accademico dell&#8217;Universit\u00e0 di Palermo -. Anzi. Soprattutto quando lo \u00e8. Dobbiamo rimanere fermi nel nostro sostegno all&#8217;Ucraina e nella nostra forte reazione all&#8217;aggressione russa. E&#8217; una minaccia al nostro modello democratico, alla nostra sicurezza e ai nostri valori. Questo impegno \u00e8 proprio la spina dorsale dell&#8217;Europa che abbiamo costruito&#8221;.<br \/>Entrando nello specifico sui temi italiani, &#8220;L&#8217;Italia &#8211; ha ricordato &#8211; \u00e8 il maggior beneficiario dello Strumento di ripresa e resilienza. Questo contributo europeo, un finanziamento per un totale di 194,4 miliardi di euro, rappresenta un&#8217;opportunit\u00e0 senza precedenti per investire nel vostro futuro. Per generare centinaia di migliaia di nuovi posti di lavoro, migliorare la qualit\u00e0 della vita e incentivare i giovani talenti a rimanere qui. Il Sud Italia \u00e8 ricco di potenzialit\u00e0 inutilizzate che attendono di essere sbloccate. E&#8217; il momento di invertire la rotta. Ma questo non sar\u00e0 possibile senza accesso ai finanziamenti e un sistema d&#8217;infrastrutture moderno. Perch\u00e8 se si punta sulla connettivit\u00e0, se si potenziano le infrastrutture, se si comincia a guardare questa regione come a una porta verso le opportunit\u00e0 economiche, e come a un punto di riferimento naturale per i Paesi del Mediterraneo, allora il Sud Italia prosperer\u00e0. L&#8217;Italia prosperer\u00e0. E anche l&#8217;Europa intera prosperer\u00e0. La mia visita di oggi serve anche per sottolineare che l&#8217;Europa va vista come un&#8217;opportunit\u00e0. Per trovare soluzioni ai vostri problemi&#8221;, ha aggiunto.<br \/>Altro argomento caldo, quello dell&#8217;immigrazione. &#8220;Abbiamo bisogno di una soluzione sostenibile alla questione migratoria; nessuno lo sa meglio della Sicilia &#8211; ha detto -. Negli ultimi dieci anni, si stima che oltre 650 mila rifugiati siano arrivati sulle vostre coste. A nome del Parlamento europeo, desidero esprimere la mia gratitudine per la generosit\u00e0 e la resilienza che avete dimostrato nel sostenere questo onere sproporzionato&#8221;. &#8220;Sono passati 10 anni dal naufragio di Lampedusa e da allora il cimitero del Mediterraneo ha causato la morte di altre migliaia di donne, bambini e uomini &#8211; ha aggiunto -. La migrazione \u00e8 la sfida della nostra generazione e dobbiamo rispondere ad essa in modo equo e umano con chi cerca protezione, fermo con chi non ne ha diritto e forte con le reti criminali che continuano a sfruttare i vulnerabili. Vi assicuro che il Parlamento europeo continuer\u00e0 a fare tutto il possibile per raggiungere un accordo sul nuovo patto di migrazione e asilo entro la fine di questa legislatura&#8221;. <br \/>&#8220;Troppo spesso parliamo di diritti e valori come se fossero concetti elevati che troviamo in qualche vecchio libro. Se questa crescente instabilit\u00e0 geopolitica ci ha insegnato qualcosa &#8211; ha sottolineato -, \u00e8 l&#8217;importanza di dimostrare ogni giorno perch\u00e8 sono necessari e come possono fare la differenza nella vita delle persone&#8221;. &#8220;Mi vengono in mente due ex alunni di questa grande Universit\u00e0, Giovanni Falcone e Paolo Borsellino &#8211; ha aggiunto -. Hanno messo la loro vita prima di difendere la verit\u00e0 e la giustizia. Sono i miei eroi. Sono gli eroi dell&#8217;Italia. Sono gli eroi dell&#8217;Europa. La corruzione erode le fondamenta di tutto ci\u00f2 che abbiamo costruito. E uccide. Non solo i magistrati, ma anche gli attivisti, i politici, i giornalisti. A Malta, la corruzione ha ucciso Daphne Caruana Galizia. In Slovacchia, Jan Kuicak e molti altri in Europa e nel mondo. Quindi, quando parlo di corruzione come il pi\u00f9 grande nemico dei nostri valori comuni, non ci sono riferimenti a confini geografici. Se vogliamo prevenire e combattere la corruzione, dobbiamo guardare all&#8217;Europa per trovare una risposta&#8221;.<br \/>&#8220;L&#8217;anno scorso &#8211; ha ricordato -, la &#8216;Piattaforma multidisciplinare europea per la lotta alle minacce della criminalit\u00e0&#8217; ha sequestrato oltre 180 milioni di euro e ha effettuato quasi 1.000 arresti. Grazie alla nostra legislazione contro il riciclaggio di denaro, stiamo mettendo un freno ai finanziamenti illeciti attraverso le frontiere. Per rendere il nostro spazio condiviso un p\u00f2 pi\u00f9 sicuro, un p\u00f2 migliore, un p\u00f2 pi\u00f9 giusto&#8221;. <br \/>&#8220;L&#8217;Europa che voglio &#8211; ha poi sottolineato &#8211; deve concentrarsi su poche grandi questioni: creare lavoro con pi\u00f9 investimenti, contribuire alla stabilit\u00e0 e alla pace, con una vera politica estera, di difesa e di sicurezza, difendere gli interessi europei nel mondo globale&#8221;. Cos\u00ec la presidente del Parlamento europeo, Roberta Metsola, nel corso del suo intervento all&#8217;inaugurazione del nuovo anno accademico dell&#8217;Universit\u00e0 degli Studi di Palermo. &#8220;Forse voglio troppo, ma questo \u00e8 ci\u00f2 che intendiamo quando parliamo di un&#8217;Europa dei valori comuni &#8211; ha aggiunto Metsola -. Un&#8217;area in cui tutti possiamo cooperare, prosperare, tutti essere liberi di vivere come vogliamo. Uno spazio sicuro nel mondo, dove i nostri diritti sono protetti, dove tutti, indipendentemente da chi sono o da dove vengono, hanno accesso alle opportunit\u00e0, dove tutti possiamo realizzare il nostro potenziale. Un&#8217;unione da speranza e possibilit\u00e0. Non perdiamo di vista questo concetto. Il Parlamento europeo, unica istituzione eletta direttamente dai cittadini, deve avere un ruolo centrale nel promuovere questo cambiamento. Abbiamo bisogno di voci &#8211; le vostre voci &#8211; per continuare a far brillare questa luce. Ecco perch\u00e8 l&#8217;anno prossimo, in occasione delle elezioni europee, \u00e8 importante che votiate e che convinciate anche i vostri amici e familiari a votare&#8221;.<br \/>La presidente Metsola poco prima si era recata in visita al Museo del Presente e della Memoria della lotta alle mafie dedicato a Giovanni Falcone e Paolo Borsellino, a Palermo, dove \u00e8 stata ricevuta dal sindaco di Palermo, Roberto Lagalla, e da Maria Falcone, presidente della Fondazione Falcone. Ed ha deposto una corona di fiori sulla tomba di Giovanni Falcone nella Basilica di San Domenico. <br \/>&#8211; foto xd6 Italpress &#8211;<br \/>(ITALPRESS).<\/div>\n<div id=\"div-gpt-ad-Messinaoggi.it-DSK-300x250-corpoart\" style=\"text-align:center;margin:0 auto;\"><\/div><\/p><div id=\"videoincontent\" style=\"clear:both\";><\/div>","protected":false},"excerpt":{"rendered":"<p>PALERMO (ITALPRESS) &#8211; &#8220;Non posso fare a meno di pensare a Giulia Cecchettin, che era una studentessa come voi, donna brillante, la cui vita \u00e8 stata stroncata nel peggiore dei modi. Nessuna parola di conforto potr\u00e0 riportarla indietro. Dobbiamo fare di pi\u00f9&#8221;. Lo ha detto la presidente del Parlamento europeo, Roberta Metsola, nel corso del [&hellip;]<\/p>\n","protected":false},"author":18,"featured_media":179656,"comment_status":"closed","ping_status":"closed","sticky":false,"template":"","format":"standard","meta":{"ub_ctt_via":"","_mi_skip_tracking":false},"categories":[446],"tags":[783],"featured_image_src":"https:\/\/www.messinaoggi.it\/website\/wp-content\/uploads\/2023\/12\/20231205_1574.jpg","author_info":{"display_name":"Admin","author_link":"https:\/\/www.messinaoggi.it\/website\/author\/admin\/"},"digistream_id":0,"digistream":false,"_links":{"self":[{"href":"https:\/\/www.messinaoggi.it\/website\/wp-json\/wp\/v2\/posts\/179655"}],"collection":[{"href":"https:\/\/www.messinaoggi.it\/website\/wp-json\/wp\/v2\/posts"}],"about":[{"href":"https:\/\/www.messinaoggi.it\/website\/wp-json\/wp\/v2\/types\/post"}],"author":[{"embeddable":true,"href":"https:\/\/www.messinaoggi.it\/website\/wp-json\/wp\/v2\/users\/18"}],"replies":[{"embeddable":true,"href":"https:\/\/www.messinaoggi.it\/website\/wp-json\/wp\/v2\/comments?post=179655"}],"version-history":[{"count":0,"href":"https:\/\/www.messinaoggi.it\/website\/wp-json\/wp\/v2\/posts\/179655\/revisions"}],"wp:featuredmedia":[{"embeddable":true,"href":"https:\/\/www.messinaoggi.it\/website\/wp-json\/wp\/v2\/media\/179656"}],"wp:attachment":[{"href":"https:\/\/www.messinaoggi.it\/website\/wp-json\/wp\/v2\/media?parent=179655"}],"wp:term":[{"taxonomy":"category","embeddable":true,"href":"https:\/\/www.messinaoggi.it\/website\/wp-json\/wp\/v2\/categories?post=179655"},{"taxonomy":"post_tag","embeddable":true,"href":"https:\/\/www.messinaoggi.it\/website\/wp-json\/wp\/v2\/tags?post=179655"}],"curies":[{"name":"wp","href":"https:\/\/api.w.org\/{rel}","templated":true}]}}