{"id":179556,"date":"2023-12-05T09:08:08","date_gmt":"2023-12-05T08:08:08","guid":{"rendered":"https:\/\/www.messinaoggi.it\/website\/2023\/12\/05\/metsola-in-italia-per-avvicinare-leuropa-ai-cittadini\/"},"modified":"2023-12-05T11:17:35","modified_gmt":"2023-12-05T10:17:35","slug":"metsola-in-italia-per-avvicinare-leuropa-ai-cittadini","status":"publish","type":"post","link":"https:\/\/www.messinaoggi.it\/website\/2023\/12\/05\/metsola-in-italia-per-avvicinare-leuropa-ai-cittadini\/","title":{"rendered":"Metsola \u201cIn Italia per avvicinare l\u2019Europa ai cittadini\u201d"},"content":{"rendered":"<div>ROMA (ITALPRESS) &#8211; &#8220;Io mi preoccupo di portare quanta pi\u00f9 gente possibile al voto. Continueremo a lavorare con le forze pro europee anche nel prossimo Parlamento, sar\u00e0 pi\u00f9 difficile ma tanto pi\u00f9 importante&#8221;. Le critiche di Salvini? &#8220;Non l&#8217;ho presa come una critica. Ho ottimi rapporti con tutti gli europarlamentari italiani, di tutti gli schieramenti politici. Ho grande rispetto per il lavoro che svolgono, possiamo non essere sempre d&#8217;accordo su tutto, ma questo rispetto per me \u00e8 sacrosanto. Perch\u00e8 sono stati eletti dai cittadini italiani&#8221;.<br \/>\nCos\u00ec, in un&#8217;intervista al Corriere della Sera, il presidente del Parlamento europeo, Roberta Metsola, che poi aggiunge: &#8220;Vengo in Italia con il messaggio di unire le persone, di avvicinare l&#8217;Europa ai cittadini, che \u00e8 quello che tutti vogliamo. Sono qui per ascoltare, perch\u00e8 capisco le frustrazioni dei cittadini in alcuni dei nostri processi decisionali, voglio essere onesta su dove abbiamo fatto bene e dove possiamo fare meglio, e soprattutto voglio aiutare a trovare soluzioni costruttive&#8221;.<br \/>\nSulla situazione dei migranti, Metsola dice: &#8220;Il fatto che ci sia una maggioranza in Consiglio che auspicabilmente porter\u00e0 a un accordo \u00e8 la risposta a quei cittadini europei che nelle elezioni del 2019, compresi quelli italiani, misero le migrazioni in cima alle loro preoccupazioni. Abbiamo un pacchetto, forse non perfetto, ma che sicuramente segna un decisivo miglioramento rispetto al sistema attuale che semplicemente non funziona. L&#8217;Europa deve lavorare in solidariet\u00e0 ma assicurando la piena sicurezza delle sue frontiere. Il fine ultimo di ogni politica migratoria \u00e8 di salvare vite umane e prevenire la morte delle persone&#8221;.<br \/>\n(ITALPRESS).<br \/>\n&#8211; Foto: Agenzia Fotogramma &#8211;<\/div>\n<div id=\"div-gpt-ad-Messinaoggi.it-DSK-300x250-corpoart\" style=\"text-align:center;margin:0 auto;\"><\/div><\/p><div id=\"videoincontent\" style=\"clear:both\";><\/div>","protected":false},"excerpt":{"rendered":"<p>ROMA (ITALPRESS) &#8211; &#8220;Io mi preoccupo di portare quanta pi\u00f9 gente possibile al voto. Continueremo a lavorare con le forze pro europee anche nel prossimo Parlamento, sar\u00e0 pi\u00f9 difficile ma tanto pi\u00f9 importante&#8221;. Le critiche di Salvini? &#8220;Non l&#8217;ho presa come una critica. Ho ottimi rapporti con tutti gli europarlamentari italiani, di tutti gli schieramenti [&hellip;]<\/p>\n","protected":false},"author":18,"featured_media":179557,"comment_status":"closed","ping_status":"closed","sticky":false,"template":"","format":"standard","meta":{"ub_ctt_via":"","_mi_skip_tracking":false},"categories":[446,4],"tags":[783],"featured_image_src":"https:\/\/www.messinaoggi.it\/website\/wp-content\/uploads\/2023\/12\/20231205_0049.jpg","author_info":{"display_name":"Admin","author_link":"https:\/\/www.messinaoggi.it\/website\/author\/admin\/"},"digistream_id":0,"digistream":false,"_links":{"self":[{"href":"https:\/\/www.messinaoggi.it\/website\/wp-json\/wp\/v2\/posts\/179556"}],"collection":[{"href":"https:\/\/www.messinaoggi.it\/website\/wp-json\/wp\/v2\/posts"}],"about":[{"href":"https:\/\/www.messinaoggi.it\/website\/wp-json\/wp\/v2\/types\/post"}],"author":[{"embeddable":true,"href":"https:\/\/www.messinaoggi.it\/website\/wp-json\/wp\/v2\/users\/18"}],"replies":[{"embeddable":true,"href":"https:\/\/www.messinaoggi.it\/website\/wp-json\/wp\/v2\/comments?post=179556"}],"version-history":[{"count":1,"href":"https:\/\/www.messinaoggi.it\/website\/wp-json\/wp\/v2\/posts\/179556\/revisions"}],"predecessor-version":[{"id":179579,"href":"https:\/\/www.messinaoggi.it\/website\/wp-json\/wp\/v2\/posts\/179556\/revisions\/179579"}],"wp:featuredmedia":[{"embeddable":true,"href":"https:\/\/www.messinaoggi.it\/website\/wp-json\/wp\/v2\/media\/179557"}],"wp:attachment":[{"href":"https:\/\/www.messinaoggi.it\/website\/wp-json\/wp\/v2\/media?parent=179556"}],"wp:term":[{"taxonomy":"category","embeddable":true,"href":"https:\/\/www.messinaoggi.it\/website\/wp-json\/wp\/v2\/categories?post=179556"},{"taxonomy":"post_tag","embeddable":true,"href":"https:\/\/www.messinaoggi.it\/website\/wp-json\/wp\/v2\/tags?post=179556"}],"curies":[{"name":"wp","href":"https:\/\/api.w.org\/{rel}","templated":true}]}}