{"id":179513,"date":"2023-12-04T18:07:59","date_gmt":"2023-12-04T17:07:59","guid":{"rendered":"https:\/\/www.messinaoggi.it\/website\/2023\/12\/04\/mattarella-servono-misure-a-sostegno-della-montagna\/"},"modified":"2023-12-04T18:07:59","modified_gmt":"2023-12-04T17:07:59","slug":"mattarella-servono-misure-a-sostegno-della-montagna","status":"publish","type":"post","link":"https:\/\/www.messinaoggi.it\/website\/2023\/12\/04\/mattarella-servono-misure-a-sostegno-della-montagna\/","title":{"rendered":"Mattarella \u201cServono misure a sostegno della montagna\u201d"},"content":{"rendered":"<div>ROMA (ITALPRESS) &#8211; &#8220;Come \u00e8 naturale, nuove sfide si aggiungono oggi, imposte dai mutamenti climatici e dalla struttura demografica del Paese, sfide che rilanciano la questione della tutela ambientale come centrale per la sopravvivenza e il progresso di tante parti d&#8217;Italia e dell&#8217;intero Paese. Le alluvioni continuano a ricordarcelo, con i loro lutti e le distruzioni&#8221;. Lo ha detto il presidente della Repubblica, Sergio Mattarella, incontrando una delegazione dell&#8217;Unione nazionale comuni comunit\u00e0 enti montani (Uncem), guidata dal presidente Marco Bussone.<br \/>&#8220;A questo scopo \u00e8 lecito interrogarsi su quali debbano essere gli strumenti pi\u00f9 opportuni per affrontarle e, insieme, dare risposta alla possibilit\u00e0 di inverare il dettato costituzionale circa la specificit\u00e0 riconosciuta nella Costituzione alla montagna &#8211; ha aggiunto il capo dello Stato -. Una peculiarit\u00e0 suffragata anche da numerose recenti sentenze della Corte costituzionale, che indicano come la situazione di svantaggio della montagna italiana giustifichi ampiamente misure a suo favore. E&#8217; dunque auspicabile che le iniziative legislative avviate dal governo &#8211; e da quello che lo ha preceduto &#8211; vengano prese in esame e in considerazione dal Parlamento, in attuazione della norma costituzionale.<br \/>E&#8217;, del resto, dai tempi del Ministro delle finanze Ezio Vanoni che la questione della fiscalit\u00e0 per le zone montane \u00e8 stata affermata in linea di principio e, tuttavia, ha trovato difficolt\u00e0 applicative&#8221;.<br \/>&#8220;Le finalit\u00e0 sono individuate in modo puntuale: si tratta di fruizione di diritti; si tratta, nell&#8217;interesse nazionale, di predisporre incentivi utili ad impedire un ulteriore spopolamento di aree sensibili. E&#8217; certamente una priorit\u00e0 rilanciare la Strategia per la Montagna Italiana &#8211; ha proseguito Mattarella rivolgendosi a Bussone -. Sono i diritti che lei, presidente, ha citato: la sanit\u00e0, la scuola, il superamento del divario digitale &#8211; fondamentale per rendere operative opportunit\u00e0 occupazionali -, l&#8217;accessibilit\u00e0 ai servizi e i trasporti pubblici, a partire dalla rete ferroviaria, troppo spesso cos\u00ec carente se non sottratta, nelle aree interne. Le Regioni sono state chiamate a essere attrici in questo processo e si tratta di far s\u00ec che protagonisti siano i territori e le popolazioni montane, coinvolte, con le loro istituzioni, nella eliminazione degli squilibri socio-economici con il resto del territorio nazionale, impegnate nella missione della difesa del suolo e della protezione della natura, secondo quanto dettava l&#8217;art.2 della legge 1102 del 1971 che, superando l&#8217;esperienza dei consorzi di Comuni,  istituiva le Comunit\u00e0 Montane, affidando loro la elaborazione dei propri piani di sviluppo&#8221;.<div id=\"div-gpt-ad-Messinaoggi.it-DSK-300x250-corpoart\" style=\"text-align:center;margin:0 auto;\"><\/div><\/p>\n<p>&#8211; Foto ufficio stampa Quirinale &#8211;<div id=\"videoincontent\" style=\"clear:both\";><\/div><\/p>\n<p>(ITALPRESS).<\/p><\/div>\n","protected":false},"excerpt":{"rendered":"<p>ROMA (ITALPRESS) &#8211; &#8220;Come \u00e8 naturale, nuove sfide si aggiungono oggi, imposte dai mutamenti climatici e dalla struttura demografica del Paese, sfide che rilanciano la questione della tutela ambientale come centrale per la sopravvivenza e il progresso di tante parti d&#8217;Italia e dell&#8217;intero Paese. Le alluvioni continuano a ricordarcelo, con i loro lutti e le [&hellip;]<\/p>\n","protected":false},"author":18,"featured_media":179514,"comment_status":"closed","ping_status":"closed","sticky":false,"template":"","format":"standard","meta":{"ub_ctt_via":"","_mi_skip_tracking":false},"categories":[446],"tags":[783],"featured_image_src":"https:\/\/www.messinaoggi.it\/website\/wp-content\/uploads\/2023\/12\/20231204_1383.jpg","author_info":{"display_name":"Admin","author_link":"https:\/\/www.messinaoggi.it\/website\/author\/admin\/"},"digistream_id":0,"digistream":false,"_links":{"self":[{"href":"https:\/\/www.messinaoggi.it\/website\/wp-json\/wp\/v2\/posts\/179513"}],"collection":[{"href":"https:\/\/www.messinaoggi.it\/website\/wp-json\/wp\/v2\/posts"}],"about":[{"href":"https:\/\/www.messinaoggi.it\/website\/wp-json\/wp\/v2\/types\/post"}],"author":[{"embeddable":true,"href":"https:\/\/www.messinaoggi.it\/website\/wp-json\/wp\/v2\/users\/18"}],"replies":[{"embeddable":true,"href":"https:\/\/www.messinaoggi.it\/website\/wp-json\/wp\/v2\/comments?post=179513"}],"version-history":[{"count":0,"href":"https:\/\/www.messinaoggi.it\/website\/wp-json\/wp\/v2\/posts\/179513\/revisions"}],"wp:featuredmedia":[{"embeddable":true,"href":"https:\/\/www.messinaoggi.it\/website\/wp-json\/wp\/v2\/media\/179514"}],"wp:attachment":[{"href":"https:\/\/www.messinaoggi.it\/website\/wp-json\/wp\/v2\/media?parent=179513"}],"wp:term":[{"taxonomy":"category","embeddable":true,"href":"https:\/\/www.messinaoggi.it\/website\/wp-json\/wp\/v2\/categories?post=179513"},{"taxonomy":"post_tag","embeddable":true,"href":"https:\/\/www.messinaoggi.it\/website\/wp-json\/wp\/v2\/tags?post=179513"}],"curies":[{"name":"wp","href":"https:\/\/api.w.org\/{rel}","templated":true}]}}