{"id":179454,"date":"2023-12-04T12:51:49","date_gmt":"2023-12-04T11:51:49","guid":{"rendered":"http:\/\/www.messinaoggi.it\/website\/?p=179454"},"modified":"2023-12-04T12:51:50","modified_gmt":"2023-12-04T11:51:50","slug":"giornata-persone-con-disabilita-donata-carrozzina-alla-enzo-drago","status":"publish","type":"post","link":"https:\/\/www.messinaoggi.it\/website\/2023\/12\/04\/giornata-persone-con-disabilita-donata-carrozzina-alla-enzo-drago\/","title":{"rendered":"Giornata persone con disabilit\u00e0, donata carrozzina alla &#8220;Enzo Drago&#8221;"},"content":{"rendered":"\n<p>Una carrozzina in segno di solidariet\u00e0 per la Giornata internazionale delle persone con disabilit\u00e0. In occasione della Giornata internazionale delle persone con disabilit\u00e0, si \u00e8 svolta lo scorso 1\u00b0 dicembre, all&#8217;istituto comprensivo Enzo Drago, la cerimonia di donazione di una carrozzina per disabili da parte dell&#8217;Associazione A.C.C.I.R. di Messina.<div id=\"div-gpt-ad-Messinaoggi.it-DSK-300x250-corpoart\" style=\"text-align:center;margin:0 auto;\"><\/div><\/p>\n\n\n\n<p>All&#8217;evento, cui hanno preso parte in rappresentanza dell\u2019Amministrazione comunale l\u2019assessore alla Pubblica istruzione Pietro Curr\u00f2 e l\u2019esperto del sindaco alle politiche sportive e delegato Comitato Italiano Paralimpico (CIP) di Messina Francesco Giorgio, erano presenti la dirigente scolastica Virginia Ruggeri; la direttrice dei Servizi generali e amministrativi Francesca Colafati; il responsabile della Funzione Strumentale dell\u2019Inclusione Giuseppe Coppolino; il presidente dell\u2019A.C.C.I.R. Rosario Tuv\u00e8 unitamente a volontari dell\u2019associazione; padre Marco D\u2019Arrigo della Parrocchia di San Pietro e Paolo; oltre alla partecipazione attiva degli alunni della quinta classe primaria del plesso &#8220;Principe di Piemonte&#8221; per testimoniare l&#8217;impegno della scuola nei confronti dei valori umani e sociali.<div id=\"videoincontent\" style=\"clear:both\";><\/div><\/p>\n\n\n\n<p>L\u2019assessore Curr\u00f2 nel suo intervento ha sottolineato l\u2019importanza dell\u2019iniziativa quale simbolo di promozione e sensibilizzazione di valori umanitari e sociali \u201cnecessari in una societ\u00e0 civile <strong>\u2013 ha detto Curr\u00f2 \u2013<\/strong> per promuovere e proteggere la dignit\u00e0 umana di tutti gli individui, al fine di dare concreta attuazione al principio di uguaglianza dell\u2019art.3 della Costituzione italiana, che impegna lo Stato e tutte le realt\u00e0 istituzionali e non, ad attivarci per eliminare ogni forma di discriminazione, di isolamento e solitudine, e favorire piuttosto lo sviluppo, la sicurezza e il benessere della societ\u00e0 nel suo complesso\u201d.<\/p>\n\n\n\n<p>\u201cUn contributo importante a favore della socializzazione, dell\u2019integrazione e dell\u2019inclusione \u00e8 dato dallo sport <strong>&#8211; ha aggiunto Giorgio &#8211;<\/strong> in quanto la pratica sportiva favorire la costruzione di una societ\u00e0 pi\u00f9 aperta e consapevole capace di accogliere e valorizzare le diversit\u00e0\u201d.<\/p>\n\n\n\n<p>La cerimonia \u00e8 stata occasione di offrire un gesto di solidariet\u00e0 ma anche un&#8217;opportunit\u00e0 per riflettere sull&#8217;importanza dell&#8217;inclusione e dello sport come strumento di crescita e consapevolezza per le persone con disabilit\u00e0, oltre a dimostrare che piccoli gesti possono avere un impatto significativo nella costruzione di una societ\u00e0 pi\u00f9 aperta, pi\u00f9 accogliente e pi\u00f9 consapevole.<\/p>\n","protected":false},"excerpt":{"rendered":"<p>Una carrozzina in segno di solidariet\u00e0 per la Giornata internazionale delle persone con disabilit\u00e0. In occasione della Giornata internazionale delle persone con disabilit\u00e0, si \u00e8 svolta lo scorso 1\u00b0 dicembre, all&#8217;istituto comprensivo Enzo Drago, la cerimonia di donazione di una carrozzina per disabili da parte dell&#8217;Associazione A.C.C.I.R. di Messina. All&#8217;evento, cui hanno preso parte in [&hellip;]<\/p>\n","protected":false},"author":8,"featured_media":177094,"comment_status":"open","ping_status":"open","sticky":false,"template":"","format":"standard","meta":{"ub_ctt_via":"","_mi_skip_tracking":false},"categories":[5],"tags":[1466,9199],"featured_image_src":"https:\/\/www.messinaoggi.it\/website\/wp-content\/uploads\/2023\/11\/scuola-enzo-drago.jpg","author_info":{"display_name":"red..me","author_link":"https:\/\/www.messinaoggi.it\/website\/author\/redstage\/"},"digistream_id":0,"digistream":false,"_links":{"self":[{"href":"https:\/\/www.messinaoggi.it\/website\/wp-json\/wp\/v2\/posts\/179454"}],"collection":[{"href":"https:\/\/www.messinaoggi.it\/website\/wp-json\/wp\/v2\/posts"}],"about":[{"href":"https:\/\/www.messinaoggi.it\/website\/wp-json\/wp\/v2\/types\/post"}],"author":[{"embeddable":true,"href":"https:\/\/www.messinaoggi.it\/website\/wp-json\/wp\/v2\/users\/8"}],"replies":[{"embeddable":true,"href":"https:\/\/www.messinaoggi.it\/website\/wp-json\/wp\/v2\/comments?post=179454"}],"version-history":[{"count":1,"href":"https:\/\/www.messinaoggi.it\/website\/wp-json\/wp\/v2\/posts\/179454\/revisions"}],"predecessor-version":[{"id":179455,"href":"https:\/\/www.messinaoggi.it\/website\/wp-json\/wp\/v2\/posts\/179454\/revisions\/179455"}],"wp:featuredmedia":[{"embeddable":true,"href":"https:\/\/www.messinaoggi.it\/website\/wp-json\/wp\/v2\/media\/177094"}],"wp:attachment":[{"href":"https:\/\/www.messinaoggi.it\/website\/wp-json\/wp\/v2\/media?parent=179454"}],"wp:term":[{"taxonomy":"category","embeddable":true,"href":"https:\/\/www.messinaoggi.it\/website\/wp-json\/wp\/v2\/categories?post=179454"},{"taxonomy":"post_tag","embeddable":true,"href":"https:\/\/www.messinaoggi.it\/website\/wp-json\/wp\/v2\/tags?post=179454"}],"curies":[{"name":"wp","href":"https:\/\/api.w.org\/{rel}","templated":true}]}}