{"id":179302,"date":"2023-12-02T19:39:01","date_gmt":"2023-12-02T18:39:01","guid":{"rendered":"http:\/\/www.messinaoggi.it\/website\/?p=179302"},"modified":"2023-12-02T20:01:44","modified_gmt":"2023-12-02T19:01:44","slug":"in-duemila-in-marcia-contro-il-ponte","status":"publish","type":"post","link":"https:\/\/www.messinaoggi.it\/website\/2023\/12\/02\/in-duemila-in-marcia-contro-il-ponte\/","title":{"rendered":"In duemila marciano contro il ponte"},"content":{"rendered":"\n<p>Si torna a sfilare ed a marciare contro il Ponte, un&#8217;opera che da sempre spacca l&#8217;opinione pubblica. Alle 15.30 la partenza da piazza Cairoli del corteo che ha richiamato da pi\u00f9 regioni esponenti politici, sindacati e associazioni insieme a liberi cittadini. Duemila le presenze stimate dalla Questura di Messina, un dato che come spesso accade non coincide con quello degli organizzatori. Striscioni, bandiere e cori contro l&#8217;opera di attraversamento stabile tra Sicilia e Calabria il cantiere, come annunciato in pi\u00f9 occasioni dal governo, aprir\u00e0 a met\u00e0 del prossimo anno. Oltre 70 le sigle che hanno raggiunto la citt\u00e0 peloritana: in testa al variopinto corteo anche il deputano nazionale dei Verdi, Angelo Bonelli, padre Alex Zanotelli, l&#8217;ex sindaco di Riace, Mimmo Lucano e l&#8217;ex sindaco Renato Accorinti.<div id=\"div-gpt-ad-Messinaoggi.it-DSK-300x250-corpoart\" style=\"text-align:center;margin:0 auto;\"><\/div><\/p>\n<div id=\"videoincontent\" style=\"clear:both\";><\/div>","protected":false},"excerpt":{"rendered":"<p>Si torna a sfilare ed a marciare contro il Ponte, un&#8217;opera che da sempre spacca l&#8217;opinione pubblica. Alle 15.30 la partenza da piazza Cairoli del corteo che ha richiamato da pi\u00f9 regioni esponenti politici, sindacati e associazioni insieme a liberi cittadini. Duemila le presenze stimate dalla Questura di Messina, un dato che come spesso accade [&hellip;]<\/p>\n","protected":false},"author":4,"featured_media":179307,"comment_status":"open","ping_status":"open","sticky":false,"template":"","format":"standard","meta":{"ub_ctt_via":"","_mi_skip_tracking":false},"categories":[19],"tags":[9194,9195,6836,129,1763,981,9196],"featured_image_src":"https:\/\/www.messinaoggi.it\/website\/wp-content\/uploads\/2023\/12\/Screenshot_20231202_200006_Chrome.jpg","author_info":{"display_name":"redme","author_link":"https:\/\/www.messinaoggi.it\/website\/author\/redme\/"},"digistream_id":0,"digistream":false,"_links":{"self":[{"href":"https:\/\/www.messinaoggi.it\/website\/wp-json\/wp\/v2\/posts\/179302"}],"collection":[{"href":"https:\/\/www.messinaoggi.it\/website\/wp-json\/wp\/v2\/posts"}],"about":[{"href":"https:\/\/www.messinaoggi.it\/website\/wp-json\/wp\/v2\/types\/post"}],"author":[{"embeddable":true,"href":"https:\/\/www.messinaoggi.it\/website\/wp-json\/wp\/v2\/users\/4"}],"replies":[{"embeddable":true,"href":"https:\/\/www.messinaoggi.it\/website\/wp-json\/wp\/v2\/comments?post=179302"}],"version-history":[{"count":3,"href":"https:\/\/www.messinaoggi.it\/website\/wp-json\/wp\/v2\/posts\/179302\/revisions"}],"predecessor-version":[{"id":179308,"href":"https:\/\/www.messinaoggi.it\/website\/wp-json\/wp\/v2\/posts\/179302\/revisions\/179308"}],"wp:featuredmedia":[{"embeddable":true,"href":"https:\/\/www.messinaoggi.it\/website\/wp-json\/wp\/v2\/media\/179307"}],"wp:attachment":[{"href":"https:\/\/www.messinaoggi.it\/website\/wp-json\/wp\/v2\/media?parent=179302"}],"wp:term":[{"taxonomy":"category","embeddable":true,"href":"https:\/\/www.messinaoggi.it\/website\/wp-json\/wp\/v2\/categories?post=179302"},{"taxonomy":"post_tag","embeddable":true,"href":"https:\/\/www.messinaoggi.it\/website\/wp-json\/wp\/v2\/tags?post=179302"}],"curies":[{"name":"wp","href":"https:\/\/api.w.org\/{rel}","templated":true}]}}