{"id":179142,"date":"2023-12-01T14:08:04","date_gmt":"2023-12-01T13:08:04","guid":{"rendered":"https:\/\/www.messinaoggi.it\/website\/2023\/12\/01\/nadal-annuncia-il-ritorno-in-campo-ci-vediamo-a-brisbane\/"},"modified":"2023-12-01T14:08:04","modified_gmt":"2023-12-01T13:08:04","slug":"nadal-annuncia-il-ritorno-in-campo-ci-vediamo-a-brisbane","status":"publish","type":"post","link":"https:\/\/www.messinaoggi.it\/website\/2023\/12\/01\/nadal-annuncia-il-ritorno-in-campo-ci-vediamo-a-brisbane\/","title":{"rendered":"Nadal annuncia il ritorno in campo \u201cCi vediamo a Brisbane\u201d"},"content":{"rendered":"<div>MADRID (SPAGNA) (ITALPRESS) &#8211; Rafa Nadal torna in campo: appuntamento all&#8217;Atp 250 di Brisbane che scatter\u00e0 il 31 dicembre. Ad annunciarlo \u00e8 lo stesso 37enne maiorchino, che non gioca dal secondo turno degli Australian Open dello scorso gennaio e precipitato nel frattempo al numero 663 della classifica Atp. In un video postato sui suoi social, che ripropone le immagini dall&#8217;infortunio all&#8217;anca patito nel match perso con McDonald e poi dalla conferenza stampa in cui annunciava lo scorso maggio che difficilmente sarebbe tornato a giocare nel 2023, passando per la lunga riabilitazione, Nadal annuncia: &#8220;Penso che non merito di chiudere cos\u00ec, credo di aver lavorato sodo per tutta la mia carriera per cui non finir\u00e0 tutto con quella conferenza stampa. Lavorer\u00f2 ancora duramente per finire la mia carriera nel modo giusto. Dopo un anno lontano dalle competizioni, \u00e8 tempo di tornare. Sar\u00f2 a Brisbane nella prima settimana di gennaio, ci vediamo l\u00ec&#8221;. Ripartir\u00e0 dunque dall&#8217;Australia il cammino dell&#8217;ex numero uno del mondo, con molta probabilit\u00e0 alla sua ultima stagione nel circuito.<br \/>&#8211; foto LivePhotoSport &#8211; <br \/>(ITALPRESS).<\/div>\n<div id=\"div-gpt-ad-Messinaoggi.it-DSK-300x250-corpoart\" style=\"text-align:center;margin:0 auto;\"><\/div><\/p><div id=\"videoincontent\" style=\"clear:both\";><\/div>","protected":false},"excerpt":{"rendered":"<p>MADRID (SPAGNA) (ITALPRESS) &#8211; Rafa Nadal torna in campo: appuntamento all&#8217;Atp 250 di Brisbane che scatter\u00e0 il 31 dicembre. Ad annunciarlo \u00e8 lo stesso 37enne maiorchino, che non gioca dal secondo turno degli Australian Open dello scorso gennaio e precipitato nel frattempo al numero 663 della classifica Atp. In un video postato sui suoi social, [&hellip;]<\/p>\n","protected":false},"author":18,"featured_media":179143,"comment_status":"closed","ping_status":"closed","sticky":false,"template":"","format":"standard","meta":{"ub_ctt_via":"","_mi_skip_tracking":false},"categories":[446],"tags":[783],"featured_image_src":"https:\/\/www.messinaoggi.it\/website\/wp-content\/uploads\/2023\/12\/20231201_0825.jpg","author_info":{"display_name":"Admin","author_link":"https:\/\/www.messinaoggi.it\/website\/author\/admin\/"},"digistream_id":0,"digistream":false,"_links":{"self":[{"href":"https:\/\/www.messinaoggi.it\/website\/wp-json\/wp\/v2\/posts\/179142"}],"collection":[{"href":"https:\/\/www.messinaoggi.it\/website\/wp-json\/wp\/v2\/posts"}],"about":[{"href":"https:\/\/www.messinaoggi.it\/website\/wp-json\/wp\/v2\/types\/post"}],"author":[{"embeddable":true,"href":"https:\/\/www.messinaoggi.it\/website\/wp-json\/wp\/v2\/users\/18"}],"replies":[{"embeddable":true,"href":"https:\/\/www.messinaoggi.it\/website\/wp-json\/wp\/v2\/comments?post=179142"}],"version-history":[{"count":0,"href":"https:\/\/www.messinaoggi.it\/website\/wp-json\/wp\/v2\/posts\/179142\/revisions"}],"wp:featuredmedia":[{"embeddable":true,"href":"https:\/\/www.messinaoggi.it\/website\/wp-json\/wp\/v2\/media\/179143"}],"wp:attachment":[{"href":"https:\/\/www.messinaoggi.it\/website\/wp-json\/wp\/v2\/media?parent=179142"}],"wp:term":[{"taxonomy":"category","embeddable":true,"href":"https:\/\/www.messinaoggi.it\/website\/wp-json\/wp\/v2\/categories?post=179142"},{"taxonomy":"post_tag","embeddable":true,"href":"https:\/\/www.messinaoggi.it\/website\/wp-json\/wp\/v2\/tags?post=179142"}],"curies":[{"name":"wp","href":"https:\/\/api.w.org\/{rel}","templated":true}]}}