{"id":179134,"date":"2023-12-01T12:08:03","date_gmt":"2023-12-01T11:08:03","guid":{"rendered":"https:\/\/www.messinaoggi.it\/website\/2023\/12\/01\/crosetto-non-attacchero-mai-la-magistratura\/"},"modified":"2023-12-01T12:08:03","modified_gmt":"2023-12-01T11:08:03","slug":"crosetto-non-attacchero-mai-la-magistratura","status":"publish","type":"post","link":"https:\/\/www.messinaoggi.it\/website\/2023\/12\/01\/crosetto-non-attacchero-mai-la-magistratura\/","title":{"rendered":"Crosetto \u201cNon attaccher\u00f2 mai la magistratura\u201d"},"content":{"rendered":"<div>ROMA (ITALPRESS) &#8211; &#8220;Non ho attaccato e non attaccher\u00f2 mai la magistratura: quando c&#8217;\u00e8 stata la necessit\u00e0 di rivolgermi a un magistrato per denunciare dei fatti gravi l&#8217;ho fatto&#8221;. Lo ha detto il ministro della Difesa, Guido Crosetto, rispondendo in Aula alla Camera all&#8217;interpellanza dei deputati di +Europa sull&#8217;intervista da lui rilasciata al Corriere della Sera contenente le frasi sulla &#8220;opposizione giudiziaria&#8221; al governo Meloni.<br \/>\n&#8220;Questa estate abbiamo discusso del caso dossier che ancora in corso &#8211; e che mi auguro arriver\u00e0 alla fine &#8211; che parte da una mia denuncia coraggiosa ai magistrati: c&#8217;erano cose di cui sono stato informato e mi sono affidato alla magistratura, perch\u00e8 io ho totale fiducia nella magistratura&#8221;.<br \/>\n&#8220;Prima o poi, questo scontro tra politica e magistratura dovr\u00e0 finire&#8221;, ha sottolineato, e ha aggiunto: &#8220;Penso che in un paese democratico la magistratura debba lavorare in pace, non debba esistere alcun pregiudizio n\u00e8 da una parte n\u00e8 dall&#8217;altra che blocchi questa libert\u00e0 di lavoro e che il Parlamento debba fare di tutto perch\u00e8 il potere politico, il potere legislativo, il potere esecutivo e la magistratura convivano, con la tutela del lavoro di tutti&#8221;.<br \/>\n&#8220;In questi giorni \u00e8 stato messo su un plotone di esecuzione ad personam contro il sottoscritto, a cui non ho neanche risposto: trasmissioni, insulti, interpretazioni malevoli delle parole&#8221;, ha detto ancora Crosetto.<br \/>\n&#8220;Non mi sono posto il tema della mia tranquillit\u00e0 personale, mi sono posto il tema di riflettere su un argomento: lo facciamo? Forse ho sbagliato, in quest&#8217;ultimo anno, a non riprendere una parte di quel ruolo politico che il ruolo di ministro della Difesa mi ha impedito di fare per il senso che ho delle istituzioni&#8221;, ha proseguito.<div id=\"div-gpt-ad-Messinaoggi.it-DSK-300x250-corpoart\" style=\"text-align:center;margin:0 auto;\"><\/div><\/p>\n<p>&#8211; Foto: Agenzia Fotogramma &#8211;<div id=\"videoincontent\" style=\"clear:both\";><\/div><\/p>\n<p>(ITALPRESS).<\/p><\/div>\n","protected":false},"excerpt":{"rendered":"<p>ROMA (ITALPRESS) &#8211; &#8220;Non ho attaccato e non attaccher\u00f2 mai la magistratura: quando c&#8217;\u00e8 stata la necessit\u00e0 di rivolgermi a un magistrato per denunciare dei fatti gravi l&#8217;ho fatto&#8221;. Lo ha detto il ministro della Difesa, Guido Crosetto, rispondendo in Aula alla Camera all&#8217;interpellanza dei deputati di +Europa sull&#8217;intervista da lui rilasciata al Corriere della [&hellip;]<\/p>\n","protected":false},"author":18,"featured_media":179135,"comment_status":"closed","ping_status":"closed","sticky":false,"template":"","format":"standard","meta":{"ub_ctt_via":"","_mi_skip_tracking":false},"categories":[446],"tags":[783],"featured_image_src":"https:\/\/www.messinaoggi.it\/website\/wp-content\/uploads\/2023\/12\/20231201_0260.jpg","author_info":{"display_name":"Admin","author_link":"https:\/\/www.messinaoggi.it\/website\/author\/admin\/"},"digistream_id":0,"digistream":false,"_links":{"self":[{"href":"https:\/\/www.messinaoggi.it\/website\/wp-json\/wp\/v2\/posts\/179134"}],"collection":[{"href":"https:\/\/www.messinaoggi.it\/website\/wp-json\/wp\/v2\/posts"}],"about":[{"href":"https:\/\/www.messinaoggi.it\/website\/wp-json\/wp\/v2\/types\/post"}],"author":[{"embeddable":true,"href":"https:\/\/www.messinaoggi.it\/website\/wp-json\/wp\/v2\/users\/18"}],"replies":[{"embeddable":true,"href":"https:\/\/www.messinaoggi.it\/website\/wp-json\/wp\/v2\/comments?post=179134"}],"version-history":[{"count":0,"href":"https:\/\/www.messinaoggi.it\/website\/wp-json\/wp\/v2\/posts\/179134\/revisions"}],"wp:featuredmedia":[{"embeddable":true,"href":"https:\/\/www.messinaoggi.it\/website\/wp-json\/wp\/v2\/media\/179135"}],"wp:attachment":[{"href":"https:\/\/www.messinaoggi.it\/website\/wp-json\/wp\/v2\/media?parent=179134"}],"wp:term":[{"taxonomy":"category","embeddable":true,"href":"https:\/\/www.messinaoggi.it\/website\/wp-json\/wp\/v2\/categories?post=179134"},{"taxonomy":"post_tag","embeddable":true,"href":"https:\/\/www.messinaoggi.it\/website\/wp-json\/wp\/v2\/tags?post=179134"}],"curies":[{"name":"wp","href":"https:\/\/api.w.org\/{rel}","templated":true}]}}