{"id":179120,"date":"2023-12-01T11:04:24","date_gmt":"2023-12-01T10:04:24","guid":{"rendered":"http:\/\/www.messinaoggi.it\/website\/?p=179120"},"modified":"2023-12-01T11:04:25","modified_gmt":"2023-12-01T10:04:25","slug":"la-stretto-di-messina-spa-approva-laumento-di-capitale","status":"publish","type":"post","link":"https:\/\/www.messinaoggi.it\/website\/2023\/12\/01\/la-stretto-di-messina-spa-approva-laumento-di-capitale\/","title":{"rendered":"La Stretto di Messina spa approva l&#8217;aumento di capitale"},"content":{"rendered":"\n<p>Si \u00e8 svolta ieri l&#8217;assemblea straordinaria della societ\u00e0 Stretto di Messina spa che ne ha sancito l&#8217;aumento di capitale azionario. La seduta \u00e8 stata presieduta all&#8217;ingegnere <strong>Giuseppe Recchi<\/strong> ed ha approvato all&#8217;unanimit\u00e0 la proposta formulata lo scorso 31 Ottobre dal cda della societ\u00e0 ed illustrata dall&#8217;amministratore delegato <strong>Pietro Ciucci. <\/strong><div id=\"div-gpt-ad-Messinaoggi.it-DSK-300x250-corpoart\" style=\"text-align:center;margin:0 auto;\"><\/div><\/p>\n\n\n\n<p>L&#8217;aumento di capitale interessa il Ministero dell&#8217;economia e delle finanze che arriver\u00e0 a detenere il 55% delle quote e conster\u00e0 in 370 milioni di euro. Dovr\u00e0 essere sottoscritto dal Ministero entro il 18 dicembre prossimo. L&#8217;aumento porter\u00e0 la societ\u00e0 ad un capitale complessivo di 672,5 milioni di euro e cambieranno quindi le quote societarie: Ministero dell\u2019economia e delle finanze 55,16%; Anas 36,70%; Rfi 5,83%; Regione Siciliana e Regione Calabria 1,16 % ciascuna. L\u2019Assemblea straordinaria ha inoltre deliberato le modifiche statutarie conseguenti all\u2019aumento di capitale.<div id=\"videoincontent\" style=\"clear:both\";><\/div><\/p>\n\n\n\n<p>Sotto l\u2019aspetto finanziario \u2013 ha commentato l\u2019amministratore delegato della Stretto di Messina Pietro Ciucci \u2013 \u00e8 un ulteriore passo avanti che offre una crescente concretezza al progetto. La Societ\u00e0 \u00e8 fortemente impegnata nel rispetto degli obiettivi indicati dal ministro delle Infrastrutture Matteo Salvini, dal governo e fissati per legge. Con l\u2019operazione il Ministero dell\u2019economia e delle finanze assume il ruolo di primo azionista, con una compagine azionaria che prevede la partecipazione fondamentale delle Regioni Sicilia e Calabria e di Anas ed Rfi\u201d.<\/p>\n","protected":false},"excerpt":{"rendered":"<p>Si \u00e8 svolta ieri l&#8217;assemblea straordinaria della societ\u00e0 Stretto di Messina spa che ne ha sancito l&#8217;aumento di capitale azionario. La seduta \u00e8 stata presieduta all&#8217;ingegnere Giuseppe Recchi ed ha approvato all&#8217;unanimit\u00e0 la proposta formulata lo scorso 31 Ottobre dal cda della societ\u00e0 ed illustrata dall&#8217;amministratore delegato Pietro Ciucci. L&#8217;aumento di capitale interessa il Ministero [&hellip;]<\/p>\n","protected":false},"author":15,"featured_media":150262,"comment_status":"open","ping_status":"open","sticky":false,"template":"","format":"standard","meta":{"ub_ctt_via":"","_mi_skip_tracking":false},"categories":[7567],"tags":[2536,623,630,7298,8033],"featured_image_src":"https:\/\/www.messinaoggi.it\/website\/wp-content\/uploads\/2023\/04\/0-1-6.jpg","author_info":{"display_name":"red.me","author_link":"https:\/\/www.messinaoggi.it\/website\/author\/red-me\/"},"digistream_id":0,"digistream":false,"_links":{"self":[{"href":"https:\/\/www.messinaoggi.it\/website\/wp-json\/wp\/v2\/posts\/179120"}],"collection":[{"href":"https:\/\/www.messinaoggi.it\/website\/wp-json\/wp\/v2\/posts"}],"about":[{"href":"https:\/\/www.messinaoggi.it\/website\/wp-json\/wp\/v2\/types\/post"}],"author":[{"embeddable":true,"href":"https:\/\/www.messinaoggi.it\/website\/wp-json\/wp\/v2\/users\/15"}],"replies":[{"embeddable":true,"href":"https:\/\/www.messinaoggi.it\/website\/wp-json\/wp\/v2\/comments?post=179120"}],"version-history":[{"count":1,"href":"https:\/\/www.messinaoggi.it\/website\/wp-json\/wp\/v2\/posts\/179120\/revisions"}],"predecessor-version":[{"id":179121,"href":"https:\/\/www.messinaoggi.it\/website\/wp-json\/wp\/v2\/posts\/179120\/revisions\/179121"}],"wp:featuredmedia":[{"embeddable":true,"href":"https:\/\/www.messinaoggi.it\/website\/wp-json\/wp\/v2\/media\/150262"}],"wp:attachment":[{"href":"https:\/\/www.messinaoggi.it\/website\/wp-json\/wp\/v2\/media?parent=179120"}],"wp:term":[{"taxonomy":"category","embeddable":true,"href":"https:\/\/www.messinaoggi.it\/website\/wp-json\/wp\/v2\/categories?post=179120"},{"taxonomy":"post_tag","embeddable":true,"href":"https:\/\/www.messinaoggi.it\/website\/wp-json\/wp\/v2\/tags?post=179120"}],"curies":[{"name":"wp","href":"https:\/\/api.w.org\/{rel}","templated":true}]}}