{"id":179116,"date":"2023-12-01T10:08:00","date_gmt":"2023-12-01T09:08:00","guid":{"rendered":"https:\/\/www.messinaoggi.it\/website\/2023\/12\/01\/mattarella-la-tutela-delle-persone-non-sia-condizionata-da-interessi\/"},"modified":"2023-12-01T10:08:00","modified_gmt":"2023-12-01T09:08:00","slug":"mattarella-la-tutela-delle-persone-non-sia-condizionata-da-interessi","status":"publish","type":"post","link":"https:\/\/www.messinaoggi.it\/website\/2023\/12\/01\/mattarella-la-tutela-delle-persone-non-sia-condizionata-da-interessi\/","title":{"rendered":"Mattarella \u201cLa tutela delle persone non sia condizionata da interessi\u201d"},"content":{"rendered":"<div>ROMA (ITALPRESS) &#8211; &#8220;Sono trascorsi cento anni dal giorno del disastro della diga del Gleno che si squarci\u00f2 la mattina del 1\u00b0 dicembre 1923, dopo nefasti e purtroppo trascurati annunci. Milioni di metri cubi di acqua precipitarono sui paesi sottostanti, cancellando case, scuole, fabbriche, strade. Oltre 350 persone vennero travolte e uccise: molte di queste erano fanciulli. La morte, il dolore, la sofferenza impressero un segno indelebile sulle comunit\u00e0 e sulle valli. L&#8217;Italia intera non dimentica, come non possono dimenticare le genti che hanno ricostruito dopo la catastrofe&#8221;. Cos\u00ec il presidente della Repubblica, Sergio Mattarella, in un messaggio inviato al sindaco del Comune di Azzone, Mirella Cotti Cometti, componente del Comitato &#8220;Disastro del Gleno 1923\/2023&#8221;. Il capo dello Stato esprime &#8220;apprezzamento e vicinanza ai Comuni di Angolo Terme, Azzone, Colere, Darfo Boario Terme, Schilpario e Vilminore di Scalve, promotori di iniziative che nella ricorrenza coinvolgono le loro comunit\u00e0. Il crollo della parte centrale della diga del Gleno &#8211; sottolinea &#8211; fu la conseguenza di gravi responsabilit\u00e0 nella progettazione e nella costruzione, di sconcertanti omissioni nelle autorizzazioni e nei controlli. Drammatiche lezioni di questa natura devono produrre maggiore lungimiranza e prudenza. Occorre che si affermi una visione di lungo periodo nella tutela delle persone nei territori, non condizionata da interessi contingenti o indegni opportunismi. La memoria del disastro del Gleno contiene anche la solidariet\u00e0 espressa alle comunit\u00e0 colpite e che sempre il nostro Paese ha manifestato con generosit\u00e0 e larga partecipazione di fronte alle difficolt\u00e0 e ai bisogni in situazioni d&#8217;emergenza. E&#8217; un tratto della nostra storia e della nostra cultura che interpreta il valore prezioso dell&#8217;unit\u00e0&#8221;, conclude Mattarella.<br \/>(ITALPRESS).<br \/>&#8211; Foto: Quirinale &#8211;<\/div>\n<div id=\"div-gpt-ad-Messinaoggi.it-DSK-300x250-corpoart\" style=\"text-align:center;margin:0 auto;\"><\/div><\/p><div id=\"videoincontent\" style=\"clear:both\";><\/div>","protected":false},"excerpt":{"rendered":"<p>ROMA (ITALPRESS) &#8211; &#8220;Sono trascorsi cento anni dal giorno del disastro della diga del Gleno che si squarci\u00f2 la mattina del 1\u00b0 dicembre 1923, dopo nefasti e purtroppo trascurati annunci. Milioni di metri cubi di acqua precipitarono sui paesi sottostanti, cancellando case, scuole, fabbriche, strade. Oltre 350 persone vennero travolte e uccise: molte di queste [&hellip;]<\/p>\n","protected":false},"author":18,"featured_media":179117,"comment_status":"closed","ping_status":"closed","sticky":false,"template":"","format":"standard","meta":{"ub_ctt_via":"","_mi_skip_tracking":false},"categories":[446],"tags":[783],"featured_image_src":"https:\/\/www.messinaoggi.it\/website\/wp-content\/uploads\/2023\/12\/20231201_0067.jpg","author_info":{"display_name":"Admin","author_link":"https:\/\/www.messinaoggi.it\/website\/author\/admin\/"},"digistream_id":0,"digistream":false,"_links":{"self":[{"href":"https:\/\/www.messinaoggi.it\/website\/wp-json\/wp\/v2\/posts\/179116"}],"collection":[{"href":"https:\/\/www.messinaoggi.it\/website\/wp-json\/wp\/v2\/posts"}],"about":[{"href":"https:\/\/www.messinaoggi.it\/website\/wp-json\/wp\/v2\/types\/post"}],"author":[{"embeddable":true,"href":"https:\/\/www.messinaoggi.it\/website\/wp-json\/wp\/v2\/users\/18"}],"replies":[{"embeddable":true,"href":"https:\/\/www.messinaoggi.it\/website\/wp-json\/wp\/v2\/comments?post=179116"}],"version-history":[{"count":0,"href":"https:\/\/www.messinaoggi.it\/website\/wp-json\/wp\/v2\/posts\/179116\/revisions"}],"wp:featuredmedia":[{"embeddable":true,"href":"https:\/\/www.messinaoggi.it\/website\/wp-json\/wp\/v2\/media\/179117"}],"wp:attachment":[{"href":"https:\/\/www.messinaoggi.it\/website\/wp-json\/wp\/v2\/media?parent=179116"}],"wp:term":[{"taxonomy":"category","embeddable":true,"href":"https:\/\/www.messinaoggi.it\/website\/wp-json\/wp\/v2\/categories?post=179116"},{"taxonomy":"post_tag","embeddable":true,"href":"https:\/\/www.messinaoggi.it\/website\/wp-json\/wp\/v2\/tags?post=179116"}],"curies":[{"name":"wp","href":"https:\/\/api.w.org\/{rel}","templated":true}]}}