{"id":179099,"date":"2023-12-01T09:31:18","date_gmt":"2023-12-01T08:31:18","guid":{"rendered":"http:\/\/www.messinaoggi.it\/website\/?p=179099"},"modified":"2023-12-01T20:14:45","modified_gmt":"2023-12-01T19:14:45","slug":"no-ponte-ce-anche-rofondazione-al-corteo","status":"publish","type":"post","link":"https:\/\/www.messinaoggi.it\/website\/2023\/12\/01\/no-ponte-ce-anche-rofondazione-al-corteo\/","title":{"rendered":"&#8220;No Ponte&#8221;: c&#8217;\u00e8 anche Rifondazione al corteo"},"content":{"rendered":"\n<p>Si allarga il fronte dei &#8220;No Ponte&#8221;. Rifondazione Comunista Sicilia \u2013 Unione Popolare pensa sia fondamentale partecipare ad ogni iniziativa chiaramente contraria alla costruzione del Ponte sullo stretto, sempre partendo dal proprio punto di vista e dalla propria specifica lettura dei rapporti sociali e politici.<div id=\"div-gpt-ad-Messinaoggi.it-DSK-300x250-corpoart\" style=\"text-align:center;margin:0 auto;\"><\/div><\/p>\n\n\n\n<p>La manifestazione del 2 dicembre a Messina, dopo quelle di giugno e di agosto, sar\u00e0 un altro momento importante per riproporre le ragioni del no al Ponte e per interloquire con le popolazioni siciliane, calabresi e dell\u2019intero Paese.<div id=\"videoincontent\" style=\"clear:both\";><\/div><\/p>\n\n\n\n<p>&#8220;Ribadiamo, come abbiamo fatto pi\u00f9 volte, che il ponte sullo Stretto \u00e8 un&#8217;opera inutile, costosa e pericolosa e solo per propaganda, interessi clientelari ed appetiti imprenditoriali si rilancia la sua costruzione<strong>.<\/strong> Inutile perch\u00e9 non risponde a nessuna reale necessit\u00e0 di mobilit\u00e0 tra le due sponde dello Stretto, l\u2019imbocco sar\u00e0 distante pi\u00f9 di 30 km da Messina e l\u2019attraversamento dietro un esoso pagamento. Costosa, perch\u00e9 il suo costo \u00e8 stimato in circa 14 miliardi di euro (sicuramente destinati a lievitare) che potrebbero essere impiegati in modo pi\u00f9 utile per lo sviluppo dei territori e per il miglioramento dei tempi e dell\u2019impatto ambientale dell\u2019attuale attraversamento&#8221;.<\/p>\n\n\n\n<p>Si legge in una nota stampa.<\/p>\n","protected":false},"excerpt":{"rendered":"<p>Si allarga il fronte dei &#8220;No Ponte&#8221;. Rifondazione Comunista Sicilia \u2013 Unione Popolare pensa sia fondamentale partecipare ad ogni iniziativa chiaramente contraria alla costruzione del Ponte sullo stretto, sempre partendo dal proprio punto di vista e dalla propria specifica lettura dei rapporti sociali e politici. La manifestazione del 2 dicembre a Messina, dopo quelle di [&hellip;]<\/p>\n","protected":false},"author":2,"featured_media":154042,"comment_status":"open","ping_status":"open","sticky":false,"template":"","format":"standard","meta":{"ub_ctt_via":"","_mi_skip_tracking":false},"categories":[6],"tags":[9178,6836,9177],"featured_image_src":"https:\/\/www.messinaoggi.it\/website\/wp-content\/uploads\/2023\/05\/unnamed-1.jpg","author_info":{"display_name":"Redazione","author_link":"https:\/\/www.messinaoggi.it\/website\/author\/redazione\/"},"digistream_id":0,"digistream":false,"_links":{"self":[{"href":"https:\/\/www.messinaoggi.it\/website\/wp-json\/wp\/v2\/posts\/179099"}],"collection":[{"href":"https:\/\/www.messinaoggi.it\/website\/wp-json\/wp\/v2\/posts"}],"about":[{"href":"https:\/\/www.messinaoggi.it\/website\/wp-json\/wp\/v2\/types\/post"}],"author":[{"embeddable":true,"href":"https:\/\/www.messinaoggi.it\/website\/wp-json\/wp\/v2\/users\/2"}],"replies":[{"embeddable":true,"href":"https:\/\/www.messinaoggi.it\/website\/wp-json\/wp\/v2\/comments?post=179099"}],"version-history":[{"count":2,"href":"https:\/\/www.messinaoggi.it\/website\/wp-json\/wp\/v2\/posts\/179099\/revisions"}],"predecessor-version":[{"id":179245,"href":"https:\/\/www.messinaoggi.it\/website\/wp-json\/wp\/v2\/posts\/179099\/revisions\/179245"}],"wp:featuredmedia":[{"embeddable":true,"href":"https:\/\/www.messinaoggi.it\/website\/wp-json\/wp\/v2\/media\/154042"}],"wp:attachment":[{"href":"https:\/\/www.messinaoggi.it\/website\/wp-json\/wp\/v2\/media?parent=179099"}],"wp:term":[{"taxonomy":"category","embeddable":true,"href":"https:\/\/www.messinaoggi.it\/website\/wp-json\/wp\/v2\/categories?post=179099"},{"taxonomy":"post_tag","embeddable":true,"href":"https:\/\/www.messinaoggi.it\/website\/wp-json\/wp\/v2\/tags?post=179099"}],"curies":[{"name":"wp","href":"https:\/\/api.w.org\/{rel}","templated":true}]}}