{"id":17909,"date":"2018-04-07T00:01:37","date_gmt":"2018-04-06T22:01:37","guid":{"rendered":"http:\/\/www.messinaoggi.it\/website\/?p=17909"},"modified":"2018-04-07T00:01:37","modified_gmt":"2018-04-06T22:01:37","slug":"povero-renato-accorinti-e-convinto-dessere-un-bravo-sindaco","status":"publish","type":"post","link":"https:\/\/www.messinaoggi.it\/website\/2018\/04\/07\/povero-renato-accorinti-e-convinto-dessere-un-bravo-sindaco\/","title":{"rendered":"Povero Renato Accorinti, \u00e8 convinto d\u2019essere un bravo sindaco"},"content":{"rendered":"<p style=\"text-align: justify;\">L\u2019hanno invitato per porgere il saluto al Congresso della Uil e lui ha tenuto un comizio. Povero <strong>Renato Accorinti,<\/strong> s\u2019\u00e8 convinto d\u2019essere un bravo sindaco e l\u2019ha detto pubblicamente al cospetto dei delegati che hanno educatamente accompagnato con un tiepido applauso la fine del suo discorso. Teatro della nuova \u201caccorintata\u201d, il Vittorio Emanuele, dove ieri la Uil ha rinnovato le cariche provinciali.<div id=\"div-gpt-ad-Messinaoggi.it-DSK-300x250-corpoart\" style=\"text-align:center;margin:0 auto;\"><\/div><\/p>\n<p style=\"text-align: justify;\">Il sindaco di Messina, invitato nella qualit\u00e0, ha abusato dello spazio concesso trasformando il saluto in un becero comizio. Ha sparato ad alzo zero contro quelli che c\u2019erano prima, ha elencato le cose buone che ha fatto, omettendo di dire ci\u00f2 che non ha fatto, prima di lasciare precipitosamente la sala ha detto chiaramente che la Raffineria di Milazzo va chiusa perch\u00e9 inquina.<div id=\"videoincontent\" style=\"clear:both\";><\/div><\/p>\n<p style=\"text-align: justify;\">Senza tenere conto che parlava al cospetto di delegati che rappresentano i lavoratori e senza considerare che la Ram d\u00e0 lavoro a pi\u00f9 di duemila persone. Un discorso irriguardoso e irrispettoso che ha scatenato un dibattito piuttosto acceso.<\/p>\n<p style=\"text-align: justify;\">Qualcuno ha rinfacciato ad Accorinti che la citt\u00e0 di Messina \u00e8 sprofondata sempre di pi\u00f9 da quando siede sulla poltrona di sindaco. Giuseppe De Vardo, segretario territoriale dei pensionati Uil, ha ricordato tutti i soldi persi dalla citt\u00e0 di Messina, a partire dal progetto del Tirone per finire con il fondi per il Risanamento. Qualcosa come 27 milioni di euro polverizzati a causa di un\u2019amministrazione che non \u00e8 stata nemmeno capace di predisporre i progetti.<\/p>\n<p style=\"text-align: justify;\"><strong>Renato Accorinti<\/strong> ieri ha dimostrato di vivere in un mondo tutto suo, distaccato dalla realt\u00e0 quotidiana che vivono i messinesi. Se \u00e8 vero che qualcosa di buono \u00e8 stata fatta \u2013 sarebbe ingiusto non rilevare che l\u2019Atm adesso funziona \u2013 i cittadini non dimenticano la crisi dell\u2019acqua, la sporcizia per le strade, le montagne di spazzatura, le buche, i semafori rotti, le vergogne delle aree pedonali, i negozi chiusi, le tasse elevatissime e tanto altro ancora. Ma lui tanto s\u2019\u00e8 convinto di essere stato un bravo sindaco.<\/p>\n<p style=\"text-align: justify;\">Lo vedremo il 10 giugno quando i messinesi si recheranno alle urne\u2026<\/p>\n<p style=\"text-align: right;\"><strong>Davide Gambale<\/strong><\/p>\n","protected":false},"excerpt":{"rendered":"<p>L\u2019hanno invitato per porgere il saluto al Congresso della Uil e lui ha tenuto un comizio. Povero Renato Accorinti, s\u2019\u00e8 convinto d\u2019essere un bravo sindaco e l\u2019ha detto pubblicamente al cospetto dei delegati che hanno educatamente accompagnato con un tiepido applauso la fine del suo discorso. Teatro della nuova \u201caccorintata\u201d, il Vittorio Emanuele, dove ieri [&hellip;]<\/p>\n","protected":false},"author":2,"featured_media":1618,"comment_status":"closed","ping_status":"open","sticky":false,"template":"","format":"standard","meta":{"ub_ctt_via":"","_mi_skip_tracking":false},"categories":[19],"tags":[],"featured_image_src":"https:\/\/www.messinaoggi.it\/website\/wp-content\/uploads\/2017\/06\/Accorinti-Renato-bandiera-2.jpg","author_info":{"display_name":"Redazione","author_link":"https:\/\/www.messinaoggi.it\/website\/author\/redazione\/"},"digistream_id":0,"digistream":false,"_links":{"self":[{"href":"https:\/\/www.messinaoggi.it\/website\/wp-json\/wp\/v2\/posts\/17909"}],"collection":[{"href":"https:\/\/www.messinaoggi.it\/website\/wp-json\/wp\/v2\/posts"}],"about":[{"href":"https:\/\/www.messinaoggi.it\/website\/wp-json\/wp\/v2\/types\/post"}],"author":[{"embeddable":true,"href":"https:\/\/www.messinaoggi.it\/website\/wp-json\/wp\/v2\/users\/2"}],"replies":[{"embeddable":true,"href":"https:\/\/www.messinaoggi.it\/website\/wp-json\/wp\/v2\/comments?post=17909"}],"version-history":[{"count":0,"href":"https:\/\/www.messinaoggi.it\/website\/wp-json\/wp\/v2\/posts\/17909\/revisions"}],"wp:featuredmedia":[{"embeddable":true,"href":"https:\/\/www.messinaoggi.it\/website\/wp-json\/wp\/v2\/media\/1618"}],"wp:attachment":[{"href":"https:\/\/www.messinaoggi.it\/website\/wp-json\/wp\/v2\/media?parent=17909"}],"wp:term":[{"taxonomy":"category","embeddable":true,"href":"https:\/\/www.messinaoggi.it\/website\/wp-json\/wp\/v2\/categories?post=17909"},{"taxonomy":"post_tag","embeddable":true,"href":"https:\/\/www.messinaoggi.it\/website\/wp-json\/wp\/v2\/tags?post=17909"}],"curies":[{"name":"wp","href":"https:\/\/api.w.org\/{rel}","templated":true}]}}