{"id":179024,"date":"2023-11-30T19:08:00","date_gmt":"2023-11-30T18:08:00","guid":{"rendered":"https:\/\/www.messinaoggi.it\/website\/2023\/11\/30\/il-ministro-dello-sport-alla-prima-giornata-della-coppa-degli-assi\/"},"modified":"2023-11-30T19:08:00","modified_gmt":"2023-11-30T18:08:00","slug":"il-ministro-dello-sport-alla-prima-giornata-della-coppa-degli-assi","status":"publish","type":"post","link":"https:\/\/www.messinaoggi.it\/website\/2023\/11\/30\/il-ministro-dello-sport-alla-prima-giornata-della-coppa-degli-assi\/","title":{"rendered":"Il ministro dello Sport alla prima giornata della Coppa degli Assi"},"content":{"rendered":"<div>PALERMO (ITALPRESS) &#8211; La prima delle quattro giornate di gare sulle quali si articola la 38\u00b0 edizione della &#8220;Coppa degli Assi&#8221; si \u00e8 conclusa con le vittorie nell&#8217;ordine di Daniele Girolamo Arcidiaco su &#8220;Cobert Des Grez&#8221;, Bertrand Genin (Bayleaf Lh), Bruno Chimirri (Giotto) e Francesco Correddu (Venus Di Val Litara) in ex-aequo nella terza con il maggior montepremi (3.500 euro). Le due gare pomeridiane sul campo in terra del Tour Giovanni Cavalli sono andate a Claudia Orlandi (El Camino Ims Z) in ex aequo con Dario Luigi Agosta in (Desiderio De Samugheo) in quella riservata ai 5 anni e Giuseppe Carrabotta (Meraviglia del Castello) per la conclusiva dei 6 anni.<br \/>La manifestazione ha ricevuto la visita del Ministro dello Sport Andrea Abodi, accolto dal Direttore dell&#8217;Organizzazione Fabrizio Bignardelli. &#8220;Lo Sport \u00e8 uno straordinario veicolo di promozione anche turistica dei territori della citt\u00e0 &#8211; ha detto il Ministro Abodi -. Palermo non ne ha bisogno, ma c&#8217;\u00e8 sempre necessit\u00e0, comunque, di dare contributi nuovi attraverso lo sport. In quest&#8217;occasione non si ripristina soltanto un grande avvenimento sportivo, ma si offrono nuove opportunit\u00e0 alla citt\u00e0 e la volont\u00e0 di far vivere il Parco della Favorita non soltanto per attraversarlo ma anche per fermarsi e per godere lo spettacolo degli sport equestri. Mi auguro che la citt\u00e0 possa offrire tante palestre a cielo aperto e questa sicuramente \u00e8 di grandissimo fascino&#8221;. Domani le gare avranno inizio alle ore 8.30 sul campo in sabbia &#8220;Giuseppe Di Matteo&#8221; con la prima competizione Tour Giovani Cavalli (5 anni, altezza ostacoli 115 cm). Seguir\u00e0 la gara a tempo CSI 1* (altezza ostacoli 115 cm). Alle 10 sar\u00e0 la volta della competizione a due fasi speciali con giovani cavalli di 6 anni. Dalle ore 11:00 amazzoni e cavalieri si sposteranno presso il campo in erba &#8220;Tommaso Lequio di Assaba&#8221; dove si svolger\u00e0 la gara a tempo in due fasi &#8211; Bologna srl &#8211; con ostacoli alti 125 cm. Alle 12.30 la gara a tempo in due fasi &#8211; Noon srl &#8211; avr\u00e0 ostacoli alti 135 cm. Alle 14:00 si disputer\u00e0 la competizione a tempo (con ostacoli alti 145 cm) valevole per la Longines Ranking con montepremi di 26.300 euro patrocinata dall&#8217;Assessorato Regionale alle Attivit\u00e0 Produttive. Concluder\u00e0 la giornata la gara CSI 3* (altezza ostacoli 140cm).<br \/>E&#8217; iniziata alle ore 9 la gara di apertura della prima giornata delle quattro in programma per la Coppa degli Assi presso il campo in erba &#8220;Tommaso Lequio di Assaba&#8221; a La Favorita di Palermo. La competizione a tempo CSI 3* (altezza ostacoli 130 cm) con premio Euromanager Sanit\u00e0, ha visto la vittoria fra 11 concorrenti del catanese Daniele Girolamo Arcidiacono. Il cavaliere siciliano ha realizzato un percorso netto (61&#8243;97) in sella a Cobert Des Grez. Al secondo posto Luca Coata in sella a Cassirana Del Rilate. Terzo posto per il catanese Giuseppe Carrabotta su Sams Au Travail.<br \/>Per la seconda competizione a tempo CSI 3* (altezza ostacoli 135 cm) il premio Fortezza Srl se lo \u00e8 aggiudicato Bertrand Genin su Bayleaf Lh. Secondo posto per il cavaliere palermitano Luca Li Bassi (su Holly D). L&#8217;altro belga Loris Berrittella in sella a Balou Des Frimonts si \u00e8 piazzato al terzo posto.<br \/>Sono stati i due carabinieri Bruno Chimirri e Francesco Correddu in ex-aequo ad aggiudicarsi la terza gara (CSI3* a due fasi e con ostacoli alti 140cm). Sul terzo gradino del podio \u00e8 salito Lorenzo Correddu, fratello di Francesco.<br \/>Per la penultima gara (Tour Giovani Cavalli) con cavalli di 5 anni di et\u00e0 disputata invece sul campo in sabbia &#8220;Giuseppe Di Matteo&#8221; (con altezza ostacoli da 115cm) hanno vinto ex aequo Claudia Orlandi in sella a &#8220;El Camino Ims Z&#8221; e Dario Luigi Agosta su &#8220;Desiderio De Samugheo&#8221;. Terzo posto per Giuseppe Carrabotta su &#8220;Ultra Balou&#8221;.  Nell&#8217;ultima gara a tempo della giornata (Tour Giovani Cavalli) cavalli di 6 anni di et\u00e0 si \u00e8 imposto Giuseppe Carrabotta in sella a &#8220;Meraviglia del Castello&#8221;, sul podio anche Manuela Piccolo su &#8220;Bless My Malavita&#8221; e Renato Agosta in sella a &#8220;Vodka Ice&#8221;.<br \/>La &#8220;Coppa degli Assi&#8221; e la &#8220;Fiera Mediterranea del Cavallo&#8221; sono organizzate dalla Regione Siciliana con il supporto tecnico della Fiera di Verona, il patrocinio del Comune di Palermo, dell&#8217;Assessorato Regionale allo Sport, Turismo e Spettacolo e con il contributo del Ministro per lo Sport e i Giovani attraverso il Dipartimento per lo sport della Presidenza del Consiglio dei Ministri ed il Ministero dell&#8217;Agricoltura, della sovranit\u00e0 alimentare e delle foreste.<div id=\"div-gpt-ad-Messinaoggi.it-DSK-300x250-corpoart\" style=\"text-align:center;margin:0 auto;\"><\/div><\/p>\n<p>&#8211; Foto screenshot video Coppa degli Assi &#8211;<div id=\"videoincontent\" style=\"clear:both\";><\/div><\/p>\n<p>(ITALPRESS).<\/p><\/div>\n","protected":false},"excerpt":{"rendered":"<p>PALERMO (ITALPRESS) &#8211; La prima delle quattro giornate di gare sulle quali si articola la 38\u00b0 edizione della &#8220;Coppa degli Assi&#8221; si \u00e8 conclusa con le vittorie nell&#8217;ordine di Daniele Girolamo Arcidiaco su &#8220;Cobert Des Grez&#8221;, Bertrand Genin (Bayleaf Lh), Bruno Chimirri (Giotto) e Francesco Correddu (Venus Di Val Litara) in ex-aequo nella terza con [&hellip;]<\/p>\n","protected":false},"author":18,"featured_media":179025,"comment_status":"closed","ping_status":"closed","sticky":false,"template":"","format":"standard","meta":{"ub_ctt_via":"","_mi_skip_tracking":false},"categories":[446],"tags":[783],"featured_image_src":"https:\/\/www.messinaoggi.it\/website\/wp-content\/uploads\/2023\/11\/20231130_2079.jpg","author_info":{"display_name":"Admin","author_link":"https:\/\/www.messinaoggi.it\/website\/author\/admin\/"},"digistream_id":0,"digistream":false,"_links":{"self":[{"href":"https:\/\/www.messinaoggi.it\/website\/wp-json\/wp\/v2\/posts\/179024"}],"collection":[{"href":"https:\/\/www.messinaoggi.it\/website\/wp-json\/wp\/v2\/posts"}],"about":[{"href":"https:\/\/www.messinaoggi.it\/website\/wp-json\/wp\/v2\/types\/post"}],"author":[{"embeddable":true,"href":"https:\/\/www.messinaoggi.it\/website\/wp-json\/wp\/v2\/users\/18"}],"replies":[{"embeddable":true,"href":"https:\/\/www.messinaoggi.it\/website\/wp-json\/wp\/v2\/comments?post=179024"}],"version-history":[{"count":0,"href":"https:\/\/www.messinaoggi.it\/website\/wp-json\/wp\/v2\/posts\/179024\/revisions"}],"wp:featuredmedia":[{"embeddable":true,"href":"https:\/\/www.messinaoggi.it\/website\/wp-json\/wp\/v2\/media\/179025"}],"wp:attachment":[{"href":"https:\/\/www.messinaoggi.it\/website\/wp-json\/wp\/v2\/media?parent=179024"}],"wp:term":[{"taxonomy":"category","embeddable":true,"href":"https:\/\/www.messinaoggi.it\/website\/wp-json\/wp\/v2\/categories?post=179024"},{"taxonomy":"post_tag","embeddable":true,"href":"https:\/\/www.messinaoggi.it\/website\/wp-json\/wp\/v2\/tags?post=179024"}],"curies":[{"name":"wp","href":"https:\/\/api.w.org\/{rel}","templated":true}]}}