{"id":178997,"date":"2023-11-30T16:08:01","date_gmt":"2023-11-30T15:08:01","guid":{"rendered":"https:\/\/www.messinaoggi.it\/website\/2023\/11\/30\/elkann-anno-zero-juve-ora-un-triennio-ambizioso\/"},"modified":"2023-11-30T16:08:01","modified_gmt":"2023-11-30T15:08:01","slug":"elkann-anno-zero-juve-ora-un-triennio-ambizioso","status":"publish","type":"post","link":"https:\/\/www.messinaoggi.it\/website\/2023\/11\/30\/elkann-anno-zero-juve-ora-un-triennio-ambizioso\/","title":{"rendered":"Elkann \u201cAnno zero Juve, ora un triennio ambizioso\u201d"},"content":{"rendered":"<div>TORINO (ITALPRESS) &#8211; &#8220;L&#8217;aumento di capitale era necessario, per superare questo anno zero e affrontare il prossimo triennio con ambizione fuori e dentro il campo&#8221;. In conferenza stampa alla vigilia dell&#8217;Investor Day di Exor, la holding che detiene il 63,8% della Juventus, John Elkann guarda al futuro dei bianconeri con fiducia. Il peggio sembra alle spalle e anche la squadra sta rispondendo bene come dimostra il secondo posto in classifica a -2 dall&#8217;Inter, fermata sull&#8217;1-1 nello scontro diretto di domenica scorsa all&#8217;Allianz Stadium. &#8220;Un punto contro l&#8217;Inter \u00e8 un risultato importante ma piedi per terra&#8221;, ci tiene a precisare Elkann, che parla anche di Allegri sul cui possibile futuro lontano da Torino gi\u00e0 a fine stagione si sono susseguite diverse voci nei giorni scorsi, anche se lo stesso tecnico ha ricordato di essere sotto contratto fino al 2025 e di essere in piena sintonia con la nuova dirigenza. &#8220;Allegri ha vinto tanti trofei, e ci auguriamo di vincerne ancora &#8211; ha detto Elkann &#8211; Siamo l\u00ec in un campionato stimolante, e c&#8217;\u00e8 la Coppa Italia con un percorso ancora tutto da fare. Penso quello che Allegri ha sempre detto, l&#8217;importante \u00e8 tenersi dietro gli altri. Non serve avere grandi aspirazioni, ma partita dopo partita fare punti, continuiamo cos\u00ec&#8221;. Ma l&#8217;incontro con la stampa \u00e8 stato anche l&#8217;occasione per fare chiarezza sul futuro societario e smentire qualsiasi disimpegno da parte di Exor. &#8220;Interesse dei fondi sulla Juventus? Nessuno ci ha contattato, n\u00e8 abbiamo approcciato i fondi, non \u00e8 un&#8217;opportunit\u00e0 che ci interessa&#8221;, ha tagliato corto Elkann, dribblando anche le domande sull&#8217;ipotesi del delisting: &#8220;Non commento le speculazioni&#8221;.<br \/>&#8211; foto LivePhotoSport &#8211; <br \/>(ITALPRESS).<\/div>\n<div id=\"div-gpt-ad-Messinaoggi.it-DSK-300x250-corpoart\" style=\"text-align:center;margin:0 auto;\"><\/div><\/p><div id=\"videoincontent\" style=\"clear:both\";><\/div>","protected":false},"excerpt":{"rendered":"<p>TORINO (ITALPRESS) &#8211; &#8220;L&#8217;aumento di capitale era necessario, per superare questo anno zero e affrontare il prossimo triennio con ambizione fuori e dentro il campo&#8221;. In conferenza stampa alla vigilia dell&#8217;Investor Day di Exor, la holding che detiene il 63,8% della Juventus, John Elkann guarda al futuro dei bianconeri con fiducia. Il peggio sembra alle [&hellip;]<\/p>\n","protected":false},"author":18,"featured_media":178998,"comment_status":"closed","ping_status":"closed","sticky":false,"template":"","format":"standard","meta":{"ub_ctt_via":"","_mi_skip_tracking":false},"categories":[446],"tags":[783],"featured_image_src":"https:\/\/www.messinaoggi.it\/website\/wp-content\/uploads\/2023\/11\/20231130_0799.jpg","author_info":{"display_name":"Admin","author_link":"https:\/\/www.messinaoggi.it\/website\/author\/admin\/"},"digistream_id":0,"digistream":false,"_links":{"self":[{"href":"https:\/\/www.messinaoggi.it\/website\/wp-json\/wp\/v2\/posts\/178997"}],"collection":[{"href":"https:\/\/www.messinaoggi.it\/website\/wp-json\/wp\/v2\/posts"}],"about":[{"href":"https:\/\/www.messinaoggi.it\/website\/wp-json\/wp\/v2\/types\/post"}],"author":[{"embeddable":true,"href":"https:\/\/www.messinaoggi.it\/website\/wp-json\/wp\/v2\/users\/18"}],"replies":[{"embeddable":true,"href":"https:\/\/www.messinaoggi.it\/website\/wp-json\/wp\/v2\/comments?post=178997"}],"version-history":[{"count":0,"href":"https:\/\/www.messinaoggi.it\/website\/wp-json\/wp\/v2\/posts\/178997\/revisions"}],"wp:featuredmedia":[{"embeddable":true,"href":"https:\/\/www.messinaoggi.it\/website\/wp-json\/wp\/v2\/media\/178998"}],"wp:attachment":[{"href":"https:\/\/www.messinaoggi.it\/website\/wp-json\/wp\/v2\/media?parent=178997"}],"wp:term":[{"taxonomy":"category","embeddable":true,"href":"https:\/\/www.messinaoggi.it\/website\/wp-json\/wp\/v2\/categories?post=178997"},{"taxonomy":"post_tag","embeddable":true,"href":"https:\/\/www.messinaoggi.it\/website\/wp-json\/wp\/v2\/tags?post=178997"}],"curies":[{"name":"wp","href":"https:\/\/api.w.org\/{rel}","templated":true}]}}