{"id":178984,"date":"2023-11-30T14:08:00","date_gmt":"2023-11-30T13:08:00","guid":{"rendered":"https:\/\/www.messinaoggi.it\/website\/2023\/11\/30\/inflazione-panetta-livello-tassi-sufficiente-a-portarla-sotto-il-2\/"},"modified":"2023-11-30T14:08:00","modified_gmt":"2023-11-30T13:08:00","slug":"inflazione-panetta-livello-tassi-sufficiente-a-portarla-sotto-il-2","status":"publish","type":"post","link":"https:\/\/www.messinaoggi.it\/website\/2023\/11\/30\/inflazione-panetta-livello-tassi-sufficiente-a-portarla-sotto-il-2\/","title":{"rendered":"Inflazione, Panetta \u201cLivello tassi sufficiente a portarla sotto il 2%\u201d"},"content":{"rendered":"<div>ROMA (ITALPRESS) &#8211; &#8220;In base alle proiezioni diffuse dalla BCE in settembre e ai dati divenuti successivamente disponibili, l&#8217;attuale livello dei tassi sarebbe sufficiente a riportare l&#8217;inflazione in linea con l&#8217;obiettivo del 2% nel medio termine&#8221;. Lo ha detto il governatore della Banca d&#8217;Italia, Fabio Panetta, al convegno &#8220;Il Gruppo Bancario Cooperativo: le opportunit\u00e0 e le sfide di un nuovo modello bancario&#8221;, organizzato dal Gruppo Iccrea, per i suoi 60 anni di storia, presso la Fiera di Roma.<br \/>&#8220;Le condizioni monetarie dovranno rimanere restrittive per il tempo necessario a consolidare la disinflazione. La durata di questa fase dipender\u00e0 dall&#8217;evoluzione delle variabili macroeconomiche, potrebbe essere pi\u00f9 breve qualora la persistente debolezza dell&#8217;attivit\u00e0 produttiva accelerare il calo dell&#8217;inflazione&#8221;, ha aggiunto.<br \/>&#8220;Il nuovo considerevole calo dell&#8217;inflazione dell&#8217;area dell&#8217;euro&#8221; diffuso da Eurostat &#8220;\u00e8 una buona notizia&#8221;, ha sottolineato Panetta.<br \/>&#8220;La politica della Bce \u00e8  stata restrittiva&#8221; e &#8220;il calo di oggi \u00e8 uno sviluppo favorevole&#8221;, ha proseguito.<div id=\"div-gpt-ad-Messinaoggi.it-DSK-300x250-corpoart\" style=\"text-align:center;margin:0 auto;\"><\/div><\/p>\n<p>&#8211; Foto Agenzia Fotogramma &#8211;<div id=\"videoincontent\" style=\"clear:both\";><\/div><\/p>\n<p>(ITALPRESS).<\/p><\/div>\n","protected":false},"excerpt":{"rendered":"<p>ROMA (ITALPRESS) &#8211; &#8220;In base alle proiezioni diffuse dalla BCE in settembre e ai dati divenuti successivamente disponibili, l&#8217;attuale livello dei tassi sarebbe sufficiente a riportare l&#8217;inflazione in linea con l&#8217;obiettivo del 2% nel medio termine&#8221;. Lo ha detto il governatore della Banca d&#8217;Italia, Fabio Panetta, al convegno &#8220;Il Gruppo Bancario Cooperativo: le opportunit\u00e0 e [&hellip;]<\/p>\n","protected":false},"author":18,"featured_media":178985,"comment_status":"closed","ping_status":"closed","sticky":false,"template":"","format":"standard","meta":{"ub_ctt_via":"","_mi_skip_tracking":false},"categories":[446],"tags":[783],"featured_image_src":"https:\/\/www.messinaoggi.it\/website\/wp-content\/uploads\/2023\/11\/20231130_0476.jpg","author_info":{"display_name":"Admin","author_link":"https:\/\/www.messinaoggi.it\/website\/author\/admin\/"},"digistream_id":0,"digistream":false,"_links":{"self":[{"href":"https:\/\/www.messinaoggi.it\/website\/wp-json\/wp\/v2\/posts\/178984"}],"collection":[{"href":"https:\/\/www.messinaoggi.it\/website\/wp-json\/wp\/v2\/posts"}],"about":[{"href":"https:\/\/www.messinaoggi.it\/website\/wp-json\/wp\/v2\/types\/post"}],"author":[{"embeddable":true,"href":"https:\/\/www.messinaoggi.it\/website\/wp-json\/wp\/v2\/users\/18"}],"replies":[{"embeddable":true,"href":"https:\/\/www.messinaoggi.it\/website\/wp-json\/wp\/v2\/comments?post=178984"}],"version-history":[{"count":0,"href":"https:\/\/www.messinaoggi.it\/website\/wp-json\/wp\/v2\/posts\/178984\/revisions"}],"wp:featuredmedia":[{"embeddable":true,"href":"https:\/\/www.messinaoggi.it\/website\/wp-json\/wp\/v2\/media\/178985"}],"wp:attachment":[{"href":"https:\/\/www.messinaoggi.it\/website\/wp-json\/wp\/v2\/media?parent=178984"}],"wp:term":[{"taxonomy":"category","embeddable":true,"href":"https:\/\/www.messinaoggi.it\/website\/wp-json\/wp\/v2\/categories?post=178984"},{"taxonomy":"post_tag","embeddable":true,"href":"https:\/\/www.messinaoggi.it\/website\/wp-json\/wp\/v2\/tags?post=178984"}],"curies":[{"name":"wp","href":"https:\/\/api.w.org\/{rel}","templated":true}]}}