{"id":178956,"date":"2023-11-30T11:06:36","date_gmt":"2023-11-30T10:06:36","guid":{"rendered":"http:\/\/www.messinaoggi.it\/website\/?p=178956"},"modified":"2023-11-30T11:07:39","modified_gmt":"2023-11-30T10:07:39","slug":"il-monte-di-pieta-riaprira-ce-laccordo","status":"publish","type":"post","link":"https:\/\/www.messinaoggi.it\/website\/2023\/11\/30\/il-monte-di-pieta-riaprira-ce-laccordo\/","title":{"rendered":"Il Monte di Piet\u00e0 riaprir\u00e0, c&#8217;\u00e8 l&#8217;accordo"},"content":{"rendered":"\n<p>Dopo il Cirs Messina, acquistato dalla Citt\u00e0 Metropolitana di Messina, c&#8217;\u00e8 anche l&#8217;accordo per l&#8217;affitto per sei anni del Monte di Piet\u00e0 di via XXIV maggio dall\u2019Arciconfraternita degli azzurri e della Pace dei Bianchi, che ne detiene la propriet\u00e0. \u00c8 probabile che gi\u00e0 nel prossimo calendario natalizio possa esserci un evento di apertura del prezioso spazio di via XXIV Maggio.<div id=\"div-gpt-ad-Messinaoggi.it-DSK-300x250-corpoart\" style=\"text-align:center;margin:0 auto;\"><\/div><\/p>\n\n\n\n<p>&#8220;Il Monte di Piet\u00e0 sar\u00e0 finalmente aperto e restituito alla cittadinanza! Con la citt\u00e0 Metropolitana di Messina abbiamo affittato per 6 anni il Monte di Piet\u00e0.Sar\u00e0 ai fini turistici e culturali un luogo simbolo da far riscoprire ai turisti e non solo, un patrimonio artistico da far rivivere tutto l\u2019anno!&#8221; cos\u00ec si \u00e8 espresso su Facebook il sindaco Federico Basile, che d\u00e0 l&#8217;annuncio. <div id=\"videoincontent\" style=\"clear:both\";><\/div><\/p>\n\n\n\n<p><strong>Michele Bruno.<\/strong><\/p>\n","protected":false},"excerpt":{"rendered":"<p>Dopo il Cirs Messina, acquistato dalla Citt\u00e0 Metropolitana di Messina, c&#8217;\u00e8 anche l&#8217;accordo per l&#8217;affitto per sei anni del Monte di Piet\u00e0 di via XXIV maggio dall\u2019Arciconfraternita degli azzurri e della Pace dei Bianchi, che ne detiene la propriet\u00e0. \u00c8 probabile che gi\u00e0 nel prossimo calendario natalizio possa esserci un evento di apertura del prezioso [&hellip;]<\/p>\n","protected":false},"author":123457,"featured_media":178959,"comment_status":"open","ping_status":"open","sticky":false,"template":"","format":"standard","meta":{"ub_ctt_via":"","_mi_skip_tracking":false},"categories":[6],"tags":[9166,2972,5866,2990],"featured_image_src":"https:\/\/www.messinaoggi.it\/website\/wp-content\/uploads\/2023\/11\/FB_IMG_1701338730196.jpg","author_info":{"display_name":"Michele Bruno","author_link":"https:\/\/www.messinaoggi.it\/website\/author\/michele-bruno\/"},"digistream_id":0,"digistream":false,"_links":{"self":[{"href":"https:\/\/www.messinaoggi.it\/website\/wp-json\/wp\/v2\/posts\/178956"}],"collection":[{"href":"https:\/\/www.messinaoggi.it\/website\/wp-json\/wp\/v2\/posts"}],"about":[{"href":"https:\/\/www.messinaoggi.it\/website\/wp-json\/wp\/v2\/types\/post"}],"author":[{"embeddable":true,"href":"https:\/\/www.messinaoggi.it\/website\/wp-json\/wp\/v2\/users\/123457"}],"replies":[{"embeddable":true,"href":"https:\/\/www.messinaoggi.it\/website\/wp-json\/wp\/v2\/comments?post=178956"}],"version-history":[{"count":3,"href":"https:\/\/www.messinaoggi.it\/website\/wp-json\/wp\/v2\/posts\/178956\/revisions"}],"predecessor-version":[{"id":178960,"href":"https:\/\/www.messinaoggi.it\/website\/wp-json\/wp\/v2\/posts\/178956\/revisions\/178960"}],"wp:featuredmedia":[{"embeddable":true,"href":"https:\/\/www.messinaoggi.it\/website\/wp-json\/wp\/v2\/media\/178959"}],"wp:attachment":[{"href":"https:\/\/www.messinaoggi.it\/website\/wp-json\/wp\/v2\/media?parent=178956"}],"wp:term":[{"taxonomy":"category","embeddable":true,"href":"https:\/\/www.messinaoggi.it\/website\/wp-json\/wp\/v2\/categories?post=178956"},{"taxonomy":"post_tag","embeddable":true,"href":"https:\/\/www.messinaoggi.it\/website\/wp-json\/wp\/v2\/tags?post=178956"}],"curies":[{"name":"wp","href":"https:\/\/api.w.org\/{rel}","templated":true}]}}