{"id":178904,"date":"2023-11-30T00:08:03","date_gmt":"2023-11-29T23:08:03","guid":{"rendered":"https:\/\/www.messinaoggi.it\/website\/2023\/11\/29\/governo-meloni-in-europa-ho-smentito-i-pronostici\/"},"modified":"2023-11-30T09:33:43","modified_gmt":"2023-11-30T08:33:43","slug":"governo-meloni-in-europa-ho-smentito-i-pronostici","status":"publish","type":"post","link":"https:\/\/www.messinaoggi.it\/website\/2023\/11\/30\/governo-meloni-in-europa-ho-smentito-i-pronostici\/","title":{"rendered":"Governo, Meloni \u201cIn Europa ho smentito i pronostici\u201d"},"content":{"rendered":"<div>ROMA (ITALPRESS) &#8211; &#8220;Ho smentito i pronostici perch\u00e8, quando io sono arrivata in Europa, non mi sfuggiva che mi si guardava come se fossi una specie di marziano impresentabile. Siccome penso che si debbano esprimere i propri giudizi e non prendere in giro la gente, dopo un anno tutti hanno imparato a conoscermi cos\u00ec. Sono una persona pragmatica, quando dico si \u00e8 s\u00ec e quando dico no \u00e8 no, e le persone ti rispettano. Ho smentito i pronostici nella politica italiana, ricordo quando si diceva che l&#8217;Italia sarebbe stata isolata, che l&#8217;economia sarebbe crollata. Ho smentito i pronostici lavorando e dimostrando che puoi essere credibile e rispettato se dici quello che pensi&#8221;. Cos\u00ec il presidente del Consiglio, Giorgia Meloni, nel corso di &#8220;Mafie &#8211; Le vittime&#8221; lo speciale di Porta a porta dedicato alle vittime di mafia in onda su Rai1, commentando la del Politico di indicarla al primo posto tra i leader pi\u00f9 influenti d&#8217;Europa. &#8220;Si figuri come siamo messi&#8221;, scherza Meloni.<br \/>(ITALPRESS).<br \/>&#8211; Foto: Palazzo Chigi &#8211;<\/div>\n<div id=\"div-gpt-ad-Messinaoggi.it-DSK-300x250-corpoart\" style=\"text-align:center;margin:0 auto;\"><\/div><\/p><div id=\"videoincontent\" style=\"clear:both\";><\/div>","protected":false},"excerpt":{"rendered":"<p>ROMA (ITALPRESS) &#8211; &#8220;Ho smentito i pronostici perch\u00e8, quando io sono arrivata in Europa, non mi sfuggiva che mi si guardava come se fossi una specie di marziano impresentabile. Siccome penso che si debbano esprimere i propri giudizi e non prendere in giro la gente, dopo un anno tutti hanno imparato a conoscermi cos\u00ec. Sono [&hellip;]<\/p>\n","protected":false},"author":18,"featured_media":0,"comment_status":"closed","ping_status":"closed","sticky":false,"template":"","format":"standard","meta":{"ub_ctt_via":"","_mi_skip_tracking":false},"categories":[446,4],"tags":[783],"featured_image_src":null,"author_info":{"display_name":"Admin","author_link":"https:\/\/www.messinaoggi.it\/website\/author\/admin\/"},"digistream_id":0,"digistream":false,"_links":{"self":[{"href":"https:\/\/www.messinaoggi.it\/website\/wp-json\/wp\/v2\/posts\/178904"}],"collection":[{"href":"https:\/\/www.messinaoggi.it\/website\/wp-json\/wp\/v2\/posts"}],"about":[{"href":"https:\/\/www.messinaoggi.it\/website\/wp-json\/wp\/v2\/types\/post"}],"author":[{"embeddable":true,"href":"https:\/\/www.messinaoggi.it\/website\/wp-json\/wp\/v2\/users\/18"}],"replies":[{"embeddable":true,"href":"https:\/\/www.messinaoggi.it\/website\/wp-json\/wp\/v2\/comments?post=178904"}],"version-history":[{"count":1,"href":"https:\/\/www.messinaoggi.it\/website\/wp-json\/wp\/v2\/posts\/178904\/revisions"}],"predecessor-version":[{"id":178934,"href":"https:\/\/www.messinaoggi.it\/website\/wp-json\/wp\/v2\/posts\/178904\/revisions\/178934"}],"wp:attachment":[{"href":"https:\/\/www.messinaoggi.it\/website\/wp-json\/wp\/v2\/media?parent=178904"}],"wp:term":[{"taxonomy":"category","embeddable":true,"href":"https:\/\/www.messinaoggi.it\/website\/wp-json\/wp\/v2\/categories?post=178904"},{"taxonomy":"post_tag","embeddable":true,"href":"https:\/\/www.messinaoggi.it\/website\/wp-json\/wp\/v2\/tags?post=178904"}],"curies":[{"name":"wp","href":"https:\/\/api.w.org\/{rel}","templated":true}]}}