{"id":178902,"date":"2023-11-29T21:08:00","date_gmt":"2023-11-29T20:08:00","guid":{"rendered":"https:\/\/www.messinaoggi.it\/website\/2023\/11\/29\/giorgia-mannino-cuccarini-e-fiorello-co-conduttori-a-sanremo\/"},"modified":"2023-11-30T09:33:54","modified_gmt":"2023-11-30T08:33:54","slug":"giorgia-mannino-cuccarini-e-fiorello-co-conduttori-a-sanremo","status":"publish","type":"post","link":"https:\/\/www.messinaoggi.it\/website\/2023\/11\/29\/giorgia-mannino-cuccarini-e-fiorello-co-conduttori-a-sanremo\/","title":{"rendered":"Giorgia, Mannino, Cuccarini e Fiorello co-conduttori a Sanremo"},"content":{"rendered":"<div>ROMA (ITALPRESS) &#8211; Cast al completo per la conduzione delle cinque serate del Festival. Il direttore artistico, Amadeus, ha svelato al Tg1, in collegamento con il Glass Box di Viva Rai2!, le co-conduzioni mancanti: mercoled\u00ec 7 febbraio sar\u00e0 la volta di Giorgia, veterana del Festival oltre che vincitrice nel 1995; gioved\u00ec 8 Teresa Mannino, artista strepitosa della tv, del teatro e del cinema; venerd\u00ec 9 Lorella Cuccarini, l&#8217;eclettica conduttrice televisiva, cantante, attrice e ballerina. <br \/>Per la finale il suo grande amico Fiorello con il quale ha esordito nella sua prima edizione di Sanremo e chiude la sua quinta. Per la prima serata, nella veste di super ospite e co-conduttore, Amadeus aveva gi\u00e0 annunciato il vincitore della scorsa edizione Marco Mengoni.<br \/>(ITALPRESS).<br \/>&#8211; Foto: Agenzia Fotogramma &#8211;<\/div>\n<div id=\"div-gpt-ad-Messinaoggi.it-DSK-300x250-corpoart\" style=\"text-align:center;margin:0 auto;\"><\/div><\/p><div id=\"videoincontent\" style=\"clear:both\";><\/div>","protected":false},"excerpt":{"rendered":"<p>ROMA (ITALPRESS) &#8211; Cast al completo per la conduzione delle cinque serate del Festival. Il direttore artistico, Amadeus, ha svelato al Tg1, in collegamento con il Glass Box di Viva Rai2!, le co-conduzioni mancanti: mercoled\u00ec 7 febbraio sar\u00e0 la volta di Giorgia, veterana del Festival oltre che vincitrice nel 1995; gioved\u00ec 8 Teresa Mannino, artista [&hellip;]<\/p>\n","protected":false},"author":18,"featured_media":178903,"comment_status":"closed","ping_status":"closed","sticky":false,"template":"","format":"standard","meta":{"ub_ctt_via":"","_mi_skip_tracking":false},"categories":[446,17],"tags":[783],"featured_image_src":"https:\/\/www.messinaoggi.it\/website\/wp-content\/uploads\/2023\/11\/20231129_1992.jpg","author_info":{"display_name":"Admin","author_link":"https:\/\/www.messinaoggi.it\/website\/author\/admin\/"},"digistream_id":0,"digistream":false,"_links":{"self":[{"href":"https:\/\/www.messinaoggi.it\/website\/wp-json\/wp\/v2\/posts\/178902"}],"collection":[{"href":"https:\/\/www.messinaoggi.it\/website\/wp-json\/wp\/v2\/posts"}],"about":[{"href":"https:\/\/www.messinaoggi.it\/website\/wp-json\/wp\/v2\/types\/post"}],"author":[{"embeddable":true,"href":"https:\/\/www.messinaoggi.it\/website\/wp-json\/wp\/v2\/users\/18"}],"replies":[{"embeddable":true,"href":"https:\/\/www.messinaoggi.it\/website\/wp-json\/wp\/v2\/comments?post=178902"}],"version-history":[{"count":1,"href":"https:\/\/www.messinaoggi.it\/website\/wp-json\/wp\/v2\/posts\/178902\/revisions"}],"predecessor-version":[{"id":178935,"href":"https:\/\/www.messinaoggi.it\/website\/wp-json\/wp\/v2\/posts\/178902\/revisions\/178935"}],"wp:featuredmedia":[{"embeddable":true,"href":"https:\/\/www.messinaoggi.it\/website\/wp-json\/wp\/v2\/media\/178903"}],"wp:attachment":[{"href":"https:\/\/www.messinaoggi.it\/website\/wp-json\/wp\/v2\/media?parent=178902"}],"wp:term":[{"taxonomy":"category","embeddable":true,"href":"https:\/\/www.messinaoggi.it\/website\/wp-json\/wp\/v2\/categories?post=178902"},{"taxonomy":"post_tag","embeddable":true,"href":"https:\/\/www.messinaoggi.it\/website\/wp-json\/wp\/v2\/tags?post=178902"}],"curies":[{"name":"wp","href":"https:\/\/api.w.org\/{rel}","templated":true}]}}