{"id":178901,"date":"2023-11-29T20:08:02","date_gmt":"2023-11-29T19:08:02","guid":{"rendered":"https:\/\/www.messinaoggi.it\/website\/2023\/11\/29\/mourinho-vogliamo-il-1-posto-del-girone-dobbiamo-vincere\/"},"modified":"2023-11-29T20:08:02","modified_gmt":"2023-11-29T19:08:02","slug":"mourinho-vogliamo-il-1-posto-del-girone-dobbiamo-vincere","status":"publish","type":"post","link":"https:\/\/www.messinaoggi.it\/website\/2023\/11\/29\/mourinho-vogliamo-il-1-posto-del-girone-dobbiamo-vincere\/","title":{"rendered":"Mourinho \u201cVogliamo il 1\u00b0 posto del girone, dobbiamo vincere\u201d"},"content":{"rendered":"<div>GINEVRA (SVIZZERA) (ITALPRESS) &#8211; &#8220;La cosa migliore per il Servette sarebbe mettere la seconda squadra e concentrarsi sulla partita di domenica. Noi vogliamo il primo posto nel gruppo, pensiamo a vincere. Il Servette in casa parte sempre forte e speriamo che abbia la testa al campionato perch\u00e8 il terzo posto dovrebbe averlo anche se in casa \u00e8 una squadra da prendere in considerazione. La partita di Praga \u00e8 stata inaccettabile, ma ormai \u00e8 passata e domani \u00e8 un&#8217;altra partita&#8221;. Cos\u00ec Jos\u00e8 Mourinho, tecnico della Roma, dice la sua in conferenza stampa sul prossimo impegno contro gli svizzeri in Europa League. Poi il portoghese ha svelato che Dybala, Pellegrini e Renato Sanches &#8220;non giocheranno tutti e tre dall&#8217;inizio perch\u00e8 devo fare un p\u00f2 di gestione. Far\u00f2 dei cambi e mi aspetto che quelli che non sono abituati a stare in panchina saranno motivati entrando e facendo bene. Domani dobbiamo vincere perch\u00e8 il pareggio non ci serve a niente, dobbiamo rischiare tutto per vincere la partita&#8221;, conclude Mourinho. <br \/>Dal tecnico portoghese al difensore Diego Llorente: &#8220;Sappiamo che dobbiamo migliorare fuori casa, dobbiamo migliorare perch\u00e8 a volte \u00e8 un problema di mentalit\u00e0. Se miglioriamo in questo penso che diventeremo una squadra molto competitiva. Cosa \u00e8 successo a Praga? Ormai \u00e8 il passato, la partita \u00e8 stata la peggiore ma domani \u00e8 una partita completamente diversa. Sar\u00e0 difficile ma dobbiamo vincerla perch\u00e8 \u00e8 la pi\u00f9 importante per noi&#8221;. <br \/>&#8211; foto LivePhotoSport &#8211; <br \/>(ITALPRESS).<\/div>\n<div id=\"div-gpt-ad-Messinaoggi.it-DSK-300x250-corpoart\" style=\"text-align:center;margin:0 auto;\"><\/div><\/p><div id=\"videoincontent\" style=\"clear:both\";><\/div>","protected":false},"excerpt":{"rendered":"<p>GINEVRA (SVIZZERA) (ITALPRESS) &#8211; &#8220;La cosa migliore per il Servette sarebbe mettere la seconda squadra e concentrarsi sulla partita di domenica. Noi vogliamo il primo posto nel gruppo, pensiamo a vincere. Il Servette in casa parte sempre forte e speriamo che abbia la testa al campionato perch\u00e8 il terzo posto dovrebbe averlo anche se in [&hellip;]<\/p>\n","protected":false},"author":18,"featured_media":0,"comment_status":"closed","ping_status":"closed","sticky":false,"template":"","format":"standard","meta":{"ub_ctt_via":"","_mi_skip_tracking":false},"categories":[446],"tags":[783],"featured_image_src":null,"author_info":{"display_name":"Admin","author_link":"https:\/\/www.messinaoggi.it\/website\/author\/admin\/"},"digistream_id":0,"digistream":false,"_links":{"self":[{"href":"https:\/\/www.messinaoggi.it\/website\/wp-json\/wp\/v2\/posts\/178901"}],"collection":[{"href":"https:\/\/www.messinaoggi.it\/website\/wp-json\/wp\/v2\/posts"}],"about":[{"href":"https:\/\/www.messinaoggi.it\/website\/wp-json\/wp\/v2\/types\/post"}],"author":[{"embeddable":true,"href":"https:\/\/www.messinaoggi.it\/website\/wp-json\/wp\/v2\/users\/18"}],"replies":[{"embeddable":true,"href":"https:\/\/www.messinaoggi.it\/website\/wp-json\/wp\/v2\/comments?post=178901"}],"version-history":[{"count":0,"href":"https:\/\/www.messinaoggi.it\/website\/wp-json\/wp\/v2\/posts\/178901\/revisions"}],"wp:attachment":[{"href":"https:\/\/www.messinaoggi.it\/website\/wp-json\/wp\/v2\/media?parent=178901"}],"wp:term":[{"taxonomy":"category","embeddable":true,"href":"https:\/\/www.messinaoggi.it\/website\/wp-json\/wp\/v2\/categories?post=178901"},{"taxonomy":"post_tag","embeddable":true,"href":"https:\/\/www.messinaoggi.it\/website\/wp-json\/wp\/v2\/tags?post=178901"}],"curies":[{"name":"wp","href":"https:\/\/api.w.org\/{rel}","templated":true}]}}