{"id":17890,"date":"2018-04-06T12:19:10","date_gmt":"2018-04-06T10:19:10","guid":{"rendered":"http:\/\/www.messinaoggi.it\/website\/?p=17890"},"modified":"2018-04-06T12:19:10","modified_gmt":"2018-04-06T10:19:10","slug":"lega-nella-bufera-salvini-vuole-leggere-le-carte-dopo-larresto-di-caputo","status":"publish","type":"post","link":"https:\/\/www.messinaoggi.it\/website\/2018\/04\/06\/lega-nella-bufera-salvini-vuole-leggere-le-carte-dopo-larresto-di-caputo\/","title":{"rendered":"Lega nella bufera, Salvini vuole leggere le carte dopo l&#039;arresto di Caputo"},"content":{"rendered":"<p>Nessun commissariamento della Lega in Sicilia, almeno per ora. Matteo Salvini prende tempo, vuole approfondire il contenuto dell&#8217;inchiesta della Procura di Termini Imerese, che ha portato all&#8217;arresto di due esponenti leghisti, Salvino e Mario Caputo per voto di scambio alle regionali di novembre e che coinvolge una ventina di persone, tra cui i due coordinatori regionali del &#8220;Carroccio&#8221;, Alessandro Pagano e Angelo Attaguile.<br \/>\n&#8220;Voglio prima leggere le carte e poi parlare &#8211; ha dichiarato Salvini &#8211; Ci sar\u00e0 qualche querela. Quello che ho letto finora mi convince poco&#8221;. Il leader legista ha avuto un colloquio alla Camera con Pagano e Attaguile, convocati a Roma. &#8220;Quando si cresce bisogna stare attenti e noi staremo sempre pi\u00f9 attenti: se qualcuno si \u00e8 dimostrato furbo o poco onesto, la Lega non \u00e8 casa sua&#8221;, conclude Salvini.<div id=\"div-gpt-ad-Messinaoggi.it-DSK-300x250-corpoart\" style=\"text-align:center;margin:0 auto;\"><\/div><\/p>\n<div id=\"videoincontent\" style=\"clear:both\";><\/div>","protected":false},"excerpt":{"rendered":"<p>Nessun commissariamento della Lega in Sicilia, almeno per ora. Matteo Salvini prende tempo, vuole approfondire il contenuto dell&#8217;inchiesta della Procura di Termini Imerese, che ha portato all&#8217;arresto di due esponenti leghisti, Salvino e Mario Caputo per voto di scambio alle regionali di novembre e che coinvolge una ventina di persone, tra cui i due coordinatori [&hellip;]<\/p>\n","protected":false},"author":4,"featured_media":2269,"comment_status":"closed","ping_status":"open","sticky":false,"template":"","format":"standard","meta":{"ub_ctt_via":"","_mi_skip_tracking":false},"categories":[11],"tags":[],"featured_image_src":"https:\/\/www.messinaoggi.it\/website\/wp-content\/uploads\/2017\/06\/Salvini-Matteo-2.jpg","author_info":{"display_name":"redme","author_link":"https:\/\/www.messinaoggi.it\/website\/author\/redme\/"},"digistream_id":0,"digistream":false,"_links":{"self":[{"href":"https:\/\/www.messinaoggi.it\/website\/wp-json\/wp\/v2\/posts\/17890"}],"collection":[{"href":"https:\/\/www.messinaoggi.it\/website\/wp-json\/wp\/v2\/posts"}],"about":[{"href":"https:\/\/www.messinaoggi.it\/website\/wp-json\/wp\/v2\/types\/post"}],"author":[{"embeddable":true,"href":"https:\/\/www.messinaoggi.it\/website\/wp-json\/wp\/v2\/users\/4"}],"replies":[{"embeddable":true,"href":"https:\/\/www.messinaoggi.it\/website\/wp-json\/wp\/v2\/comments?post=17890"}],"version-history":[{"count":0,"href":"https:\/\/www.messinaoggi.it\/website\/wp-json\/wp\/v2\/posts\/17890\/revisions"}],"wp:featuredmedia":[{"embeddable":true,"href":"https:\/\/www.messinaoggi.it\/website\/wp-json\/wp\/v2\/media\/2269"}],"wp:attachment":[{"href":"https:\/\/www.messinaoggi.it\/website\/wp-json\/wp\/v2\/media?parent=17890"}],"wp:term":[{"taxonomy":"category","embeddable":true,"href":"https:\/\/www.messinaoggi.it\/website\/wp-json\/wp\/v2\/categories?post=17890"},{"taxonomy":"post_tag","embeddable":true,"href":"https:\/\/www.messinaoggi.it\/website\/wp-json\/wp\/v2\/tags?post=17890"}],"curies":[{"name":"wp","href":"https:\/\/api.w.org\/{rel}","templated":true}]}}