{"id":17878,"date":"2018-04-06T07:56:03","date_gmt":"2018-04-06T05:56:03","guid":{"rendered":"http:\/\/www.messinaoggi.it\/website\/?p=17878"},"modified":"2018-04-06T07:56:03","modified_gmt":"2018-04-06T05:56:03","slug":"vertenza-unieuro-la-filcams-cgil-si-rivolge-al-prefetto","status":"publish","type":"post","link":"https:\/\/www.messinaoggi.it\/website\/2018\/04\/06\/vertenza-unieuro-la-filcams-cgil-si-rivolge-al-prefetto\/","title":{"rendered":"Vertenza Unieuro, la Filcams-Cgil si rivolge al prefetto"},"content":{"rendered":"<p style=\"font-weight: 400;\">La Filcams-Cgil ha chiesto alla Prefettura un incontro sull\u2019annunciata chiusura del punto vendita Unieuro di Messina per mettere in campo tutte le soluzioni possibili a salvaguardia di una realt\u00e0 del tessuto commerciale del territorio e dei posti di lavoro.<div id=\"div-gpt-ad-Messinaoggi.it-DSK-300x250-corpoart\" style=\"text-align:center;margin:0 auto;\"><\/div><\/p>\n<p style=\"font-weight: 400;\">Il segretario generale della Filcams Francesco Lucchesi nella nota inviata al prefetto Librizzi ha evidenziato le conseguenze sul piano occupazionale, come l\u2019abbandono del territorio da parte di un grande Gruppo della grande distribuzione sia un ulteriore fatto negativo nella gi\u00e0 critica condizione socio-economica.<div id=\"videoincontent\" style=\"clear:both\";><\/div><\/p>\n<p style=\"font-weight: 400;\">\u201cRiteniamo importante l\u2019intervento della Prefettura &#8211; fa presente Lucchesi -. Abbiamo fortemente contestato la decisione di dismettere l\u2019attivit\u00e0 commerciale nella realt\u00e0 messinese cos\u00ec come nelle altre siciliane\u00a0 \u2013 ribadisce il segretario generale della Filcams &#8211; avviando tutte le azioni sindacali a tutela dei lavoratori.<\/p>\n<p style=\"font-weight: 400;\">Auspichiamo che l\u2019Azienda riveda le proprie decisioni proseguendo a mantenere la propria presenza nel territorio ed a garantire ancora occupazione\u201d.<\/p>\n<p style=\"font-weight: 400;\">La Filcams sottolinea come l\u2019Azienda ha comunicato che vorrebbe continuare ad investire in Sicilia, ma non riesce a trovare spazi commerciali idonei.<\/p>\n","protected":false},"excerpt":{"rendered":"<p>La Filcams-Cgil ha chiesto alla Prefettura un incontro sull\u2019annunciata chiusura del punto vendita Unieuro di Messina per mettere in campo tutte le soluzioni possibili a salvaguardia di una realt\u00e0 del tessuto commerciale del territorio e dei posti di lavoro. Il segretario generale della Filcams Francesco Lucchesi nella nota inviata al prefetto Librizzi ha evidenziato le [&hellip;]<\/p>\n","protected":false},"author":4,"featured_media":15131,"comment_status":"closed","ping_status":"open","sticky":false,"template":"","format":"standard","meta":{"ub_ctt_via":"","_mi_skip_tracking":false},"categories":[5],"tags":[],"featured_image_src":"https:\/\/www.messinaoggi.it\/website\/wp-content\/uploads\/2018\/02\/unieuro-vertenza-1.jpg","author_info":{"display_name":"redme","author_link":"https:\/\/www.messinaoggi.it\/website\/author\/redme\/"},"digistream_id":0,"digistream":false,"_links":{"self":[{"href":"https:\/\/www.messinaoggi.it\/website\/wp-json\/wp\/v2\/posts\/17878"}],"collection":[{"href":"https:\/\/www.messinaoggi.it\/website\/wp-json\/wp\/v2\/posts"}],"about":[{"href":"https:\/\/www.messinaoggi.it\/website\/wp-json\/wp\/v2\/types\/post"}],"author":[{"embeddable":true,"href":"https:\/\/www.messinaoggi.it\/website\/wp-json\/wp\/v2\/users\/4"}],"replies":[{"embeddable":true,"href":"https:\/\/www.messinaoggi.it\/website\/wp-json\/wp\/v2\/comments?post=17878"}],"version-history":[{"count":0,"href":"https:\/\/www.messinaoggi.it\/website\/wp-json\/wp\/v2\/posts\/17878\/revisions"}],"wp:featuredmedia":[{"embeddable":true,"href":"https:\/\/www.messinaoggi.it\/website\/wp-json\/wp\/v2\/media\/15131"}],"wp:attachment":[{"href":"https:\/\/www.messinaoggi.it\/website\/wp-json\/wp\/v2\/media?parent=17878"}],"wp:term":[{"taxonomy":"category","embeddable":true,"href":"https:\/\/www.messinaoggi.it\/website\/wp-json\/wp\/v2\/categories?post=17878"},{"taxonomy":"post_tag","embeddable":true,"href":"https:\/\/www.messinaoggi.it\/website\/wp-json\/wp\/v2\/tags?post=17878"}],"curies":[{"name":"wp","href":"https:\/\/api.w.org\/{rel}","templated":true}]}}