{"id":178690,"date":"2023-11-28T18:08:04","date_gmt":"2023-11-28T17:08:04","guid":{"rendered":"https:\/\/www.messinaoggi.it\/website\/2023\/11\/28\/carito-a-roma-europei-di-atletica-last-dance-per-parigi\/"},"modified":"2023-11-28T18:08:04","modified_gmt":"2023-11-28T17:08:04","slug":"carito-a-roma-europei-di-atletica-last-dance-per-parigi","status":"publish","type":"post","link":"https:\/\/www.messinaoggi.it\/website\/2023\/11\/28\/carito-a-roma-europei-di-atletica-last-dance-per-parigi\/","title":{"rendered":"Carito \u201cA Roma Europei di atletica last dance per Parigi\u201d"},"content":{"rendered":"<div>ROMA (ITALPRESS) &#8211; &#8220;A poco pi\u00f9 di sei mesi dall&#8217;evento siamo ormai in promozione a tutti gli effetti, con una grande voglia di fare bene. E&#8217; partita la vendita dei biglietti, siamo un passo avanti dal punto di vista della progettazione e della parte competitiva. Direi che stiamo mettendo in carreggiata tutta la macchina organizzativa per far diventare questa manifestaizone iconica a livello internazionale&#8221;. Paolo Carito, direttore generale della Fondazione Euro Roma 2024, non ha dubbi: la rassegna continentale che sar\u00e0 ospitata dalla citt\u00e0 eterna dal 7 al 12 giugno prossimi non potr\u00e0 non essere un successo. Anche perch\u00e8 per molti big gli Europei di atletica di Roma 2024 rappresenteranno un ultimo step prima delle attesissime Olimpiadi francesi. &#8220;Questo \u00e8 sicuramente un bene &#8211; sottolinea Carito in un&#8217;intervista all&#8217;Italpress &#8211; Intanto, non tutti gli atleti possono ambire a vincere le Olimpiadi, quindi poter fare un risultato positivo prima di Parigi e andare a medaglia per molti sar\u00e0 uno stimolo in pi\u00f9. Poi, gli Europei saranno un&#8217;edizione trial perch\u00e8 daranno, a chi non c&#8217;\u00e8 ancora riuscito, la possibilit\u00e0 di fare i tempi per partecipare alle Olimpiadi. Sar\u00e0 una sorta di &#8216;last danc\u00e8 per poter fare il tempo giusto ed essere protagonisti non solo a Roma ma anche a Parigi&#8221;. Le Atp Finals e la Coppa Davis di tennis sono state seguite da un pubblico molto vasto in Italia. L&#8217;atletica, secondo Carito, ha &#8220;un potenziale elevato e diverso. In termini  di marketing ha un target diverso dal tennis, anche se ugualmente esteso e importante. E poi l&#8217;atletica ha una particolarit\u00e0: ha insite varie discipiline sportive anche diverse per genetica, conformazione, spirito agonistico, stile e abitudine di singoli atleti. Quando pensi all&#8217;atletica, pensi a un mondo inclusivo che si muove in un&#8217;unica direzione&#8221;. Prosegue senza intoppi anche la vendita dei biglietti e la campagna di reclutamento dei volontari: &#8220;La vendita dei biglietti \u00e8 partita e sta andando bene, contiamo negli ultimi sei mesi di incrementarla sensibilmente. Siamo allineati e pronti per dare una cornice dello Stadio Olimpico piena di persone ed entusiasmo. La campagna reclutamento va molto bene, il 30% dei candidati a volontari non \u00e8 italiano e lo diciamo con orgoglio: vuol dire che stiamo costruendo una competizione dove parecchi ragazzi vogliono essere protagonisti da volontari pur non essendo italiani. E questo &#8211; conclude Carito &#8211; mi sembra un grande risultato dal punto di vista dell&#8217;inclusione, del multiculturalismo e di un progetto europeo non solo nel nome, ma anche nei fatti&#8221;.<br \/>&#8211; Foto Italpress &#8211;<br \/>(ITALPRESS).<\/div>\n<div id=\"div-gpt-ad-Messinaoggi.it-DSK-300x250-corpoart\" style=\"text-align:center;margin:0 auto;\"><\/div><\/p><div id=\"videoincontent\" style=\"clear:both\";><\/div>","protected":false},"excerpt":{"rendered":"<p>ROMA (ITALPRESS) &#8211; &#8220;A poco pi\u00f9 di sei mesi dall&#8217;evento siamo ormai in promozione a tutti gli effetti, con una grande voglia di fare bene. E&#8217; partita la vendita dei biglietti, siamo un passo avanti dal punto di vista della progettazione e della parte competitiva. Direi che stiamo mettendo in carreggiata tutta la macchina organizzativa [&hellip;]<\/p>\n","protected":false},"author":18,"featured_media":178691,"comment_status":"closed","ping_status":"closed","sticky":false,"template":"","format":"standard","meta":{"ub_ctt_via":"","_mi_skip_tracking":false},"categories":[446],"tags":[783],"featured_image_src":"https:\/\/www.messinaoggi.it\/website\/wp-content\/uploads\/2023\/11\/20231128_1398.jpg","author_info":{"display_name":"Admin","author_link":"https:\/\/www.messinaoggi.it\/website\/author\/admin\/"},"digistream_id":0,"digistream":false,"_links":{"self":[{"href":"https:\/\/www.messinaoggi.it\/website\/wp-json\/wp\/v2\/posts\/178690"}],"collection":[{"href":"https:\/\/www.messinaoggi.it\/website\/wp-json\/wp\/v2\/posts"}],"about":[{"href":"https:\/\/www.messinaoggi.it\/website\/wp-json\/wp\/v2\/types\/post"}],"author":[{"embeddable":true,"href":"https:\/\/www.messinaoggi.it\/website\/wp-json\/wp\/v2\/users\/18"}],"replies":[{"embeddable":true,"href":"https:\/\/www.messinaoggi.it\/website\/wp-json\/wp\/v2\/comments?post=178690"}],"version-history":[{"count":0,"href":"https:\/\/www.messinaoggi.it\/website\/wp-json\/wp\/v2\/posts\/178690\/revisions"}],"wp:featuredmedia":[{"embeddable":true,"href":"https:\/\/www.messinaoggi.it\/website\/wp-json\/wp\/v2\/media\/178691"}],"wp:attachment":[{"href":"https:\/\/www.messinaoggi.it\/website\/wp-json\/wp\/v2\/media?parent=178690"}],"wp:term":[{"taxonomy":"category","embeddable":true,"href":"https:\/\/www.messinaoggi.it\/website\/wp-json\/wp\/v2\/categories?post=178690"},{"taxonomy":"post_tag","embeddable":true,"href":"https:\/\/www.messinaoggi.it\/website\/wp-json\/wp\/v2\/tags?post=178690"}],"curies":[{"name":"wp","href":"https:\/\/api.w.org\/{rel}","templated":true}]}}