{"id":17864,"date":"2018-04-05T22:13:58","date_gmt":"2018-04-05T20:13:58","guid":{"rendered":"http:\/\/www.messinaoggi.it\/website\/?p=17864"},"modified":"2018-04-05T22:13:58","modified_gmt":"2018-04-05T20:13:58","slug":"basket-serie-a1-mazzon-carica-capo-dorlando-vince-chi-sbaglia-di-meno","status":"publish","type":"post","link":"https:\/\/www.messinaoggi.it\/website\/2018\/04\/05\/basket-serie-a1-mazzon-carica-capo-dorlando-vince-chi-sbaglia-di-meno\/","title":{"rendered":"Basket Serie A1: Mazzon carica Capo d&#039;Orlando: &quot;Vince chi sbaglia di meno&quot;"},"content":{"rendered":"<p>Al &#8220;PalaSikeliArchivi&#8221;\u00a0\u00e8 stato presentato ufficialmente\u00a0Andrea Mazzon\u00a0come nuovo capo allenatore dell&#8217;Orlandina Basket.<br \/>\n&#8220;Voglio salutare pubblicamente Gennaro Di Carlo che per quattro anni \u00e8 stato al nostro fianco &#8211; esordisce il patron Enzo Sindoni &#8211; ricordiamo tutti la vittoria nei play off a Milano e la qualificazione alla Final Eight di Coppa Italia, a questi risultati io aggiungerei forse il pi\u00f9 difficile, la salvezza ottenuta l\u2019anno precedente quando \u00e8 subentrato al nostro amico Giulio Griccioli.<br \/>\nGennaro non \u00e8 stato l&#8217;unico responsabile dei problemi, se\u00a0<a class=\"matchTooltip\">oggi<\/a>\u00a0non \u00e8 pi\u00f9 il nostro allenatore \u00e8 perch\u00e9 dopo un cos\u00ec alto numero di sconfitte, determinate da errori soprattutto miei, probabilmente anche la carica emotiva di chi guidava la squadra doveva essere riempita con nuove energie. Quelle di Andrea Mazzon sono solo parte delle sue qualit\u00e0, la sua carriera parla per lui, il suo percorso parla per lui ma soprattutto parla per il cui il coraggio con il quale ha accettato questa nuova sfida. D\u00f2 la parola ad Andrea, che ha gi\u00e0 diretto gli allenamenti della squadra stamattina e ieri: sono sicuro che sapr\u00e0 essere il nostro condottiero per un risultato per noi fondamentale&#8221;.<br \/>\n&#8220;Ringrazio di essere qui &#8211; afferma Andrea Mazzon, capo allenatore Orlandina Basket &#8211;\u00a0quello che il presidente dice realmente rappresenta quello che io da allenatore ho nel cuore. Questa non era una scelta da ponderare, ma da fare con entusiasmo e, lasciatemi dire, con amore e con vero affetto verso un lavoro che chiaramente io amo e adoro.<br \/>\nSappiamo che la situazione difficile, sappiamo che \u00e8 tutto molto complicato, che \u00e8 tutto appeso ad un filo come ha detto il presidente, per\u00f2 sappiamo che anche che tutti noi abbiamo una possibilit\u00e0 come ce l\u2019hanno gli altri, e siamo qui a lottare per quella possibilit\u00e0. \u00c8 ovvio che ci servir\u00e0 una grande spinta da parte di tutti, ci servir\u00e0 molta energia positiva; io credo molto nell\u2019energia positiva, \u00e8 ovvio che quando si \u00e8 tutti positivi le cose buone arrivano.<br \/>\nNon voglio persone negative intorno, preferisco non avere persone ma voglio sentire solo cose positive ed avere la necessit\u00e0 di avere persone di un certo tipo intorno. \u00c8 quello che ho trovato qui, con un\u2019organizzazione fenomenale, con persone stupende che conoscete. \u00c8 la citt\u00e0 che adesso dovr\u00e0 &#8216;ripagare&#8217; questo e venire al palazzo e darci una mano. Perch\u00e9 se facciamo qualcosa lo facciamo anche per loro e loro lo dovranno fare anche per noi, siamo tutti dentro la stessa situazione. Come dicevo ai miei amici io conosco abbastanza bene la Sicilia, vi stupirei se iniziassi a parlarne. Uno dei pi\u00f9 bei dei proverbi siciliani recita: &#8216;La miglior parola \u00e8 quella che non si dice&#8217;. Dico appunto che conteranno pi\u00f9 i fatti che le parole&#8221;.<br \/>\n<strong>Sul ritorno in Italia.<\/strong><br \/>\n&#8220;Sono stato in giro per il mondo nelle ultime quattro stagioni. Avevo la necessit\u00e0 di continuare a studiare, io sono una persona che ama la pallacanestro e ho avuto bisogno di continuare a studiarla. Ho avuto un\u2019esperienza in America e speravo di rimanerci, ma negli States quando se ne va il capo di un\u2019organizzazione se ne vanno tutti quelli che sono arrivati con lui. A livello di crescita &#8211; spiega Mazzon &#8211; \u00e8 stata un\u2019esperienza tecnica importante, che credo ogni allenatore dovrebbe fare nella vita perch\u00e9 vivere l\u00ec, con le squadre NbA, ti fa imparare tanto&#8221;.<br \/>\n<strong>Il suo s\u00ec all&#8217;Orlandina Basket.<\/strong><br \/>\n&#8220;Col presidente ci siamo detti due parole: io ero per strada nelle Marche quindi non ho fatto altro che prendere la macchina tornare a Venezia e basta. \u00c8 stato molto semplice, non c\u2019\u00e8 stata nessuna trattativa, abbiamo parlato molto limpidamente, non abbiamo nemmeno discusso dell\u2019accordo&#8221;.<br \/>\n<strong>Come ha trovato la squadra.<\/strong><br \/>\n&#8220;Abbiamo fatto solo un allenamento 5 vs 5, prima abbiamo un po\u2019 parlato e gli ho fatto capire un po\u2019 di cose. \u00c8 come quando arrivi in una zona dopo un terremoto, aver perso 19 partite fa male a tutti ed ovvio che la squadra avr\u00e0 delle paure e delle insicurezze, ma \u00e8 normale e umano in ognuno di noi. Secondo me c\u2019\u00e8 da lavorare sia dal punto di vista psicologico che tecnico, pero&#8217; quello che c\u2019\u00e8 stato prima a me non interessa, siamo tutti a zero sconfitte da questo momento.<br \/>\nIo non sono interessato ai risultati di prima, non ci sono problemi ma solo soluzioni. Carenza di playmaker puri? Vedremo come affrontare questa cosa. Penso di risolverla col passare la palla all\u2019uomo libero e tenere la palla poco ferma. Chiunque pu\u00f2 essere playmaker, anche un pivot.<br \/>\nNegli ultimi 10-15 anni \u00e8 cambiata molto l\u2019idea del playmaker che portava la palla, adesso l\u2019azione parte dal rimbalzo ed \u00e8 un gioco di movimento, di continuit\u00e0, quindi \u00e8 conta la capacit\u00e0 di un giocatore di passare la palla al compagno libero senza fare palle perse. I ragazzi dovranno rispondere a squadre che metteranno pressione, fisica e tecnica, quindi a questo dovremmo trovare alternative&#8221;.<br \/>\n<strong>L&#8217;impegno di domenica con Varese.<\/strong><br \/>\n&#8220;Domenica incontriamo una delle migliori squadra d\u2019Italia nel girone di ritorno (7 vittorie, 2 sconfitte, ndr), \u00e8 una prova ottima da affrontare per cui ci si testa subito. Penso che sia molto meglio giocare contro una grande squadra, una squadra storica. \u00c8 bello giocare contro quelli forti, perch\u00e9 da quelli forti impari molto. La cosa che mi preme dire \u00e8 che la pallacanestro \u00e8 uno sport di errori, non vince chi \u00e8 perfetto, ma chi sbaglia di meno&#8221;.<div id=\"div-gpt-ad-Messinaoggi.it-DSK-300x250-corpoart\" style=\"text-align:center;margin:0 auto;\"><\/div><\/p>\n<div id=\"videoincontent\" style=\"clear:both\";><\/div>","protected":false},"excerpt":{"rendered":"<p>Al &#8220;PalaSikeliArchivi&#8221;\u00a0\u00e8 stato presentato ufficialmente\u00a0Andrea Mazzon\u00a0come nuovo capo allenatore dell&#8217;Orlandina Basket. &#8220;Voglio salutare pubblicamente Gennaro Di Carlo che per quattro anni \u00e8 stato al nostro fianco &#8211; esordisce il patron Enzo Sindoni &#8211; ricordiamo tutti la vittoria nei play off a Milano e la qualificazione alla Final Eight di Coppa Italia, a questi risultati io [&hellip;]<\/p>\n","protected":false},"author":4,"featured_media":17865,"comment_status":"closed","ping_status":"open","sticky":false,"template":"","format":"standard","meta":{"ub_ctt_via":"","_mi_skip_tracking":false},"categories":[8,9],"tags":[],"featured_image_src":"https:\/\/www.messinaoggi.it\/website\/wp-content\/uploads\/2018\/04\/andrea-mazzon-e-enzo-sindoni-betaland-capo-dorlando-1.jpg","author_info":{"display_name":"redme","author_link":"https:\/\/www.messinaoggi.it\/website\/author\/redme\/"},"digistream_id":0,"digistream":false,"_links":{"self":[{"href":"https:\/\/www.messinaoggi.it\/website\/wp-json\/wp\/v2\/posts\/17864"}],"collection":[{"href":"https:\/\/www.messinaoggi.it\/website\/wp-json\/wp\/v2\/posts"}],"about":[{"href":"https:\/\/www.messinaoggi.it\/website\/wp-json\/wp\/v2\/types\/post"}],"author":[{"embeddable":true,"href":"https:\/\/www.messinaoggi.it\/website\/wp-json\/wp\/v2\/users\/4"}],"replies":[{"embeddable":true,"href":"https:\/\/www.messinaoggi.it\/website\/wp-json\/wp\/v2\/comments?post=17864"}],"version-history":[{"count":0,"href":"https:\/\/www.messinaoggi.it\/website\/wp-json\/wp\/v2\/posts\/17864\/revisions"}],"wp:featuredmedia":[{"embeddable":true,"href":"https:\/\/www.messinaoggi.it\/website\/wp-json\/wp\/v2\/media\/17865"}],"wp:attachment":[{"href":"https:\/\/www.messinaoggi.it\/website\/wp-json\/wp\/v2\/media?parent=17864"}],"wp:term":[{"taxonomy":"category","embeddable":true,"href":"https:\/\/www.messinaoggi.it\/website\/wp-json\/wp\/v2\/categories?post=17864"},{"taxonomy":"post_tag","embeddable":true,"href":"https:\/\/www.messinaoggi.it\/website\/wp-json\/wp\/v2\/tags?post=17864"}],"curies":[{"name":"wp","href":"https:\/\/api.w.org\/{rel}","templated":true}]}}