{"id":178631,"date":"2023-11-28T13:07:59","date_gmt":"2023-11-28T12:07:59","guid":{"rendered":"https:\/\/www.messinaoggi.it\/website\/2023\/11\/28\/schlein-governo-dei-complotti-crosetto-se-sa-riferisca\/"},"modified":"2023-11-28T13:07:59","modified_gmt":"2023-11-28T12:07:59","slug":"schlein-governo-dei-complotti-crosetto-se-sa-riferisca","status":"publish","type":"post","link":"https:\/\/www.messinaoggi.it\/website\/2023\/11\/28\/schlein-governo-dei-complotti-crosetto-se-sa-riferisca\/","title":{"rendered":"Schlein \u201cGoverno dei complotti, Crosetto se sa riferisca\u201d"},"content":{"rendered":"<div>ROMA (ITALPRESS) &#8211; &#8220;Mi pare il governo dei complotti immaginari, dei nemici a tutti i costi, perch\u00e8 deve sempre essere colpa di qualcun altro. Se non fosse cos\u00ec, se questo governo non usasse come benzina un nemico al giorno che individua oggi nella magistratura, ieri nell&#8217;opposizione, l&#8217;altro ieri nei migranti, nell&#8217;Unione europea, nei giornalisti, nel green deal, la lista \u00e8 lunga, manca l&#8217;arbitro Moreno e poi li hanno fatti tutti, \u00e8 un modo per non prendersi le responsabilit\u00e0 del fatto che sono al governo da oltre un anno e l&#8217;Italia sta peggio&#8221;. Cos\u00ec la segetaria del Pd, Elly Schlein, nel corso di una conferenza nella sede del partito. &#8220;E&#8217; un governo ossessionato dalla giustizia che non si occupa di giustizia sociale, ha bisogno dello scontro istituzionale che per\u00f2 fa male alla democrazia e fa male al Paese&#8221;, ha aggiunto. &#8220;Noi chiediamo di non intraprendere quella strada che porta a stagioni non felici per il Paese. La cosa pi\u00f9 grave \u00e8 che non siamo davanti a un fatto concreto, ma a parole di un ministro che per la sua posizione \u00e8 in possesso di informazioni, se ha degli elementi li chiarisca in Parlamento e li consegni a chi di dovere, se invece questi elementi non ci sono il ministro non si pu\u00f2 permettere di gridare genericamente a un complotto. Noi abbiamo chiesto al ministro Crosetto di riferire in aula. Se ci sono degli elementi lo dica, altrimenti ritiri immediatamente quello che ha detto perch\u00e8 non \u00e8 possibile vivere in uno stato di procurato allarme permanente&#8221;, ha concluso Schlein.<br \/>(ITALPRESS).<br \/>&#8211; Foto: Agenzia Fotogramma &#8211;<\/div>\n<div id=\"div-gpt-ad-Messinaoggi.it-DSK-300x250-corpoart\" style=\"text-align:center;margin:0 auto;\"><\/div><\/p><div id=\"videoincontent\" style=\"clear:both\";><\/div>","protected":false},"excerpt":{"rendered":"<p>ROMA (ITALPRESS) &#8211; &#8220;Mi pare il governo dei complotti immaginari, dei nemici a tutti i costi, perch\u00e8 deve sempre essere colpa di qualcun altro. Se non fosse cos\u00ec, se questo governo non usasse come benzina un nemico al giorno che individua oggi nella magistratura, ieri nell&#8217;opposizione, l&#8217;altro ieri nei migranti, nell&#8217;Unione europea, nei giornalisti, nel [&hellip;]<\/p>\n","protected":false},"author":18,"featured_media":178632,"comment_status":"closed","ping_status":"closed","sticky":false,"template":"","format":"standard","meta":{"ub_ctt_via":"","_mi_skip_tracking":false},"categories":[446],"tags":[783],"featured_image_src":"https:\/\/www.messinaoggi.it\/website\/wp-content\/uploads\/2023\/11\/20231128_0435.jpg","author_info":{"display_name":"Admin","author_link":"https:\/\/www.messinaoggi.it\/website\/author\/admin\/"},"digistream_id":0,"digistream":false,"_links":{"self":[{"href":"https:\/\/www.messinaoggi.it\/website\/wp-json\/wp\/v2\/posts\/178631"}],"collection":[{"href":"https:\/\/www.messinaoggi.it\/website\/wp-json\/wp\/v2\/posts"}],"about":[{"href":"https:\/\/www.messinaoggi.it\/website\/wp-json\/wp\/v2\/types\/post"}],"author":[{"embeddable":true,"href":"https:\/\/www.messinaoggi.it\/website\/wp-json\/wp\/v2\/users\/18"}],"replies":[{"embeddable":true,"href":"https:\/\/www.messinaoggi.it\/website\/wp-json\/wp\/v2\/comments?post=178631"}],"version-history":[{"count":0,"href":"https:\/\/www.messinaoggi.it\/website\/wp-json\/wp\/v2\/posts\/178631\/revisions"}],"wp:featuredmedia":[{"embeddable":true,"href":"https:\/\/www.messinaoggi.it\/website\/wp-json\/wp\/v2\/media\/178632"}],"wp:attachment":[{"href":"https:\/\/www.messinaoggi.it\/website\/wp-json\/wp\/v2\/media?parent=178631"}],"wp:term":[{"taxonomy":"category","embeddable":true,"href":"https:\/\/www.messinaoggi.it\/website\/wp-json\/wp\/v2\/categories?post=178631"},{"taxonomy":"post_tag","embeddable":true,"href":"https:\/\/www.messinaoggi.it\/website\/wp-json\/wp\/v2\/tags?post=178631"}],"curies":[{"name":"wp","href":"https:\/\/api.w.org\/{rel}","templated":true}]}}