{"id":178437,"date":"2023-11-27T13:36:56","date_gmt":"2023-11-27T12:36:56","guid":{"rendered":"http:\/\/www.messinaoggi.it\/website\/?p=178437"},"modified":"2023-11-27T13:36:57","modified_gmt":"2023-11-27T12:36:57","slug":"inaugurata-la-mostra-museo-sul-terremoto-1908-de-luca-m5s-mi-inorgoglisce","status":"publish","type":"post","link":"https:\/\/www.messinaoggi.it\/website\/2023\/11\/27\/inaugurata-la-mostra-museo-sul-terremoto-1908-de-luca-m5s-mi-inorgoglisce\/","title":{"rendered":"Inaugurata la mostra museo sul Terremoto 1908, De Luca (M5S): &#8220;Mi inorgoglisce&#8221;"},"content":{"rendered":"\n<p>E\u2019 stata inaugurata ieri al Museo Regionale di Messina l\u2019esposizione permanente \u201c1908 Citt\u00e0MuseoCitt\u00e0\u201d, dedicata al terremoto che cambi\u00f2 il volto alla Citt\u00e0 dello Stretto. Per questa esposizione, che si sviluppa su una superficie di 1000 metri quadrati, sono utilizzati gli spazi dell\u2019ex sede del Museo Nazionale (ex Filanda Mellinghoff).<div id=\"div-gpt-ad-Messinaoggi.it-DSK-300x250-corpoart\" style=\"text-align:center;margin:0 auto;\"><\/div><\/p>\n\n\n\n<p>La mostra, che sar\u00e0 aperta al pubblico a partire da marted\u00ec 28 novembre, permetter\u00e0 ai visitatori di camminare tra i reperti architettonici recuperati dalle macerie dopo il tragico sisma e di visionare documenti storici e filmati d\u2019epoca.La tecnologia ha il ruolo importante, perch\u00e9 grazie all\u2019utilizzo di sofisticati occhiali, i fruitori potranno vivere la citt\u00e0 di Messina prima che venisse distrutta dal terremoto, per poi accedere alla sala immersiva, in cui vivranno la tragica notte del 28 dicembre 1908. Presenti alla cerimonia inaugurale gli assessori regionali ai beni Culturali e all\u2019identit\u00e0 siciliana, <strong>Francesco Paolo Scarpinato<\/strong> e l\u2019assessore al Turismo, Sport e Spettacolo, <strong>Elvira Amata<\/strong>.<div id=\"videoincontent\" style=\"clear:both\";><\/div><\/p>\n\n\n\n<figure class=\"wp-block-image size-large\"><img loading=\"lazy\" width=\"805\" height=\"1024\" src=\"http:\/\/www.messinaoggi.it\/website\/wp-content\/uploads\/2023\/11\/IMG-20231126-WA0019-805x1024.jpg\" alt=\"\" class=\"wp-image-178439\" srcset=\"https:\/\/www.messinaoggi.it\/website\/wp-content\/uploads\/2023\/11\/IMG-20231126-WA0019-805x1024.jpg 805w, https:\/\/www.messinaoggi.it\/website\/wp-content\/uploads\/2023\/11\/IMG-20231126-WA0019-236x300.jpg 236w, https:\/\/www.messinaoggi.it\/website\/wp-content\/uploads\/2023\/11\/IMG-20231126-WA0019-768x977.jpg 768w, https:\/\/www.messinaoggi.it\/website\/wp-content\/uploads\/2023\/11\/IMG-20231126-WA0019.jpg 1080w\" sizes=\"(max-width: 805px) 100vw, 805px\" \/><\/figure>\n\n\n\n<p>L\u2019assessore Scarpinato ha commentato: \u201cGrazie a questa mostra viene realizzato un percorso affascinante ed emozionante per entrare in contatto con le memorie reali, fisiche e materiali della citt\u00e0, che mut\u00f2 il suo volto a seguito del terremoto del 1908. Un\u2019esposizione dotata di una parte fisica ed una virtuale, in cui i visitatori potranno vivere dal vero la citt\u00e0 durante la tragica notte che ne mut\u00f2 aspetto e assetti, per custodire il passato preservando la memoria. La data simbolica del regio decreto sottolinea l\u2019impegno costante nel non dimenticare. Un monito per guardare al futuro con uno sguardo sempre rivolto al passato, per non perdere le tracce di quello che siamo stati e di quello che abbiamo vissuto\u201d.<\/p>\n\n\n\n<p>Quella di oggi, infatti, \u00e8 una data simbolo, perch\u00e9 il 26 novembre 1914 fu emanato il regio decreto n. 1475, con cui fu istituito il Museo nazionale di Messina con il compito di raccogliere, custodire, allestire ed esporre le testimonianze artistiche della citt\u00e0 dopo il terremoto.L\u2019assessore Amata ha aggiunto: \u201cInaugurare, questa mostra, che rappresenta la memoria storica di un tragico avvenimento che ha raso al suolo la mia Citt\u00e0, \u00e8 stata una forte emozione. Messina \u00e8 nata una seconda volta dopo il 1908 e, per questo motivo, \u00e8 importante tramandare e non dimenticare un patrimonio fortemente identitario come quello che rappresenta autorevolmente la Citt\u00e0 dello Stretto. E\u2019 un appuntamento di grande interesse per la Citt\u00e0 che rafforza significativamente e ulteriormente il forte connubio tra turismo e cultura. Voglio formulare, nella qualit\u00e0 di Assessore Regionale del Turismo, dello Sport e dello Spettacolo, il mio pi\u00f9 vivo apprezzamento per l\u2019iniziativa che implementa, tra l&#8217;altro, ulteriori occasioni sinergiche tra le diverse Istituzioni e la Citt\u00e0 di Messina\u201d.<\/p>\n\n\n\n<p>Infine, il Direttore del Museo Regionale di Messina, <strong>Orazio Micali<\/strong>, ha dichiarato: \u201cOggi abbiamo posto una nuova pietra di ricostruzione di Messina, pi\u00f9 immateriale che fisica. Questa mostra \u00e8 un punto di partenza, da qui in avanti sar\u00e0 compito della cittadinanza che dovr\u00e0 interrogarsi per comprendere la reale portata di quell\u2019evento. Ma l\u2019impegno del Museo non finisce qui, anzi tutt\u2019altro. Stiamo gi\u00e0 lavorando alla crescita dei contenuti, al potenziamento delle sezioni, all\u2019inserimento di ulteriori tecnologie pensando anche alle scuole e alle generazioni pi\u00f9 giovani\u201d.<\/p>\n\n\n\n<p>La mostra\u00a0\u201c1908 Citt\u00e0MuseoCitt\u00e0\u201d\u00a0\u00e8 realizzata in collaborazione con\u00a0Capitale Cultura \/ ARtGlass, una delle societ\u00e0 pi\u00f9 attive nel settore della realt\u00e0 aumentata, delle ricostruzioni in 3D e delle visite immersive. Gli allestimenti sono curati da\u00a0Floridia Allestimenti, gli impianti elettrici e speciali sono di Gaetano Previti e la promozione dell\u2019evento \u00e8 affidata allo studio creativo\u00a0Sincromie.<\/p>\n\n\n\n<figure class=\"wp-block-image size-large\"><img loading=\"lazy\" width=\"1024\" height=\"667\" src=\"http:\/\/www.messinaoggi.it\/website\/wp-content\/uploads\/2023\/11\/IMG-20231126-WA0021-1024x667.jpg\" alt=\"\" class=\"wp-image-178440\" srcset=\"https:\/\/www.messinaoggi.it\/website\/wp-content\/uploads\/2023\/11\/IMG-20231126-WA0021-1024x667.jpg 1024w, https:\/\/www.messinaoggi.it\/website\/wp-content\/uploads\/2023\/11\/IMG-20231126-WA0021-300x195.jpg 300w, https:\/\/www.messinaoggi.it\/website\/wp-content\/uploads\/2023\/11\/IMG-20231126-WA0021-768x500.jpg 768w, https:\/\/www.messinaoggi.it\/website\/wp-content\/uploads\/2023\/11\/IMG-20231126-WA0021-100x65.jpg 100w, https:\/\/www.messinaoggi.it\/website\/wp-content\/uploads\/2023\/11\/IMG-20231126-WA0021.jpg 1080w\" sizes=\"(max-width: 1024px) 100vw, 1024px\" \/><figcaption>Antonio De Luca all&#8217;inaugurazione della mostra permanente sul terremoto del 1908<\/figcaption><\/figure>\n\n\n\n<p>Anche il deputato regionale <strong>Antonio De Luca<\/strong> (M5S) ha preso parte all\u2019inaugurazione della mostra permanente realizzata grazie ai fondi stanziati su sua iniziativa normativa (250 mila euro a cui si aggiungono altri 50 mila euro ottenuti nell\u2019ultima manovra finanziaria), dopo l\u2019approvazione nel 2019 della Legge che istituisce la giornata della memoria del terremoto di Messina.<\/p>\n\n\n\n<p>Il Capogruppo all\u2019ARS del MoVimento 5 Stelle dichiara: \u201cQuesto momento di oggi, che da messinese mi inorgoglisce particolarmente, deve rappresentare il primo e importante passo verso una rinascita culturale della nostra citt\u00e0. A mio avviso, l\u2019obiettivo da perseguire \u00e8 quello di far partire un circuito economico e culturale che ruoti intorno all\u2019evento terremoto, attraverso l\u2019organizzazione di congressi nazionali, eventi culturali e appuntamenti che creino un\u2019economia stabile nella nostra citt\u00e0\u201d. \u201cMessina, gi\u00e0 nel dicembre dell\u2019anno prossimo deve diventare il fulcro di tutta una serie di iniziative che hanno come protagonista questo evento.Comune, Universit\u00e0, Regione, devono mettere a sistema le proprie competenze e potenzialit\u00e0 per creare un mese fitto di appuntamenti e momenti di crescita e riflessione. E le scuole del nostro territorio devono essere protagoniste di questo circuito.Il terremoto del 1908, che ha cambiato la storia della nostra citt\u00e0, con queste iniziative deve necessariamente tramutarsi in un momento di rinascita, risveglio e di consapevolezza su cosa significa essere messinesi\u201d, conclude l\u2019on. Antonio De Luca.<\/p>\n\n\n\n<p><\/p>\n\n\n\n<p>I costi del biglietto saranno: \u20ac7,00 (intero), \u20ac5,00 (ridotto). Apertura ore 9:00-19:00, accesso ogni 40 minuti per max 30persone, ultimo ingresso ore 18:20.<\/p>\n","protected":false},"excerpt":{"rendered":"<p>E\u2019 stata inaugurata ieri al Museo Regionale di Messina l\u2019esposizione permanente \u201c1908 Citt\u00e0MuseoCitt\u00e0\u201d, dedicata al terremoto che cambi\u00f2 il volto alla Citt\u00e0 dello Stretto. Per questa esposizione, che si sviluppa su una superficie di 1000 metri quadrati, sono utilizzati gli spazi dell\u2019ex sede del Museo Nazionale (ex Filanda Mellinghoff). La mostra, che sar\u00e0 aperta al [&hellip;]<\/p>\n","protected":false},"author":15,"featured_media":178441,"comment_status":"open","ping_status":"open","sticky":false,"template":"","format":"standard","meta":{"ub_ctt_via":"","_mi_skip_tracking":false},"categories":[6],"tags":[],"featured_image_src":"https:\/\/www.messinaoggi.it\/website\/wp-content\/uploads\/2023\/11\/IMG-20231126-WA0018.jpg","author_info":{"display_name":"red.me","author_link":"https:\/\/www.messinaoggi.it\/website\/author\/red-me\/"},"digistream_id":0,"digistream":false,"_links":{"self":[{"href":"https:\/\/www.messinaoggi.it\/website\/wp-json\/wp\/v2\/posts\/178437"}],"collection":[{"href":"https:\/\/www.messinaoggi.it\/website\/wp-json\/wp\/v2\/posts"}],"about":[{"href":"https:\/\/www.messinaoggi.it\/website\/wp-json\/wp\/v2\/types\/post"}],"author":[{"embeddable":true,"href":"https:\/\/www.messinaoggi.it\/website\/wp-json\/wp\/v2\/users\/15"}],"replies":[{"embeddable":true,"href":"https:\/\/www.messinaoggi.it\/website\/wp-json\/wp\/v2\/comments?post=178437"}],"version-history":[{"count":2,"href":"https:\/\/www.messinaoggi.it\/website\/wp-json\/wp\/v2\/posts\/178437\/revisions"}],"predecessor-version":[{"id":178442,"href":"https:\/\/www.messinaoggi.it\/website\/wp-json\/wp\/v2\/posts\/178437\/revisions\/178442"}],"wp:featuredmedia":[{"embeddable":true,"href":"https:\/\/www.messinaoggi.it\/website\/wp-json\/wp\/v2\/media\/178441"}],"wp:attachment":[{"href":"https:\/\/www.messinaoggi.it\/website\/wp-json\/wp\/v2\/media?parent=178437"}],"wp:term":[{"taxonomy":"category","embeddable":true,"href":"https:\/\/www.messinaoggi.it\/website\/wp-json\/wp\/v2\/categories?post=178437"},{"taxonomy":"post_tag","embeddable":true,"href":"https:\/\/www.messinaoggi.it\/website\/wp-json\/wp\/v2\/tags?post=178437"}],"curies":[{"name":"wp","href":"https:\/\/api.w.org\/{rel}","templated":true}]}}