{"id":17835,"date":"2018-04-05T13:03:30","date_gmt":"2018-04-05T11:03:30","guid":{"rendered":"http:\/\/www.messinaoggi.it\/website\/?p=17835"},"modified":"2018-04-05T13:03:30","modified_gmt":"2018-04-05T11:03:30","slug":"ammanistrative-bramanti-al-lavoro-ma-resta-il-rebus-barrile","status":"publish","type":"post","link":"https:\/\/www.messinaoggi.it\/website\/2018\/04\/05\/ammanistrative-bramanti-al-lavoro-ma-resta-il-rebus-barrile\/","title":{"rendered":"Ammanistrative, Bramanti al lavoro ma resta il rebus Barrile"},"content":{"rendered":"<p style=\"text-align: justify\">Il sipario sul progetto politico di Dino Bramanti si \u00e8 alzato, adesso per il centrodestra \u00e8 il momento di mettersi al lavoro. Le liste si stanno organizzando, per alcune c\u2019\u00e8 da limare alcuni dettagli anche se l\u2019ex direttore scientifico continua a sottolineare la necessit\u00e0 di dare un respiro sempre meno politico a questa avventura.<div id=\"div-gpt-ad-Messinaoggi.it-DSK-300x250-corpoart\" style=\"text-align:center;margin:0 auto;\"><\/div><\/p>\n<p style=\"text-align: justify\">Tradotto in parole povere, Bramanti vedrebbe di buon occhio una schiera di liste civico a proprio supporto, senza simboli di partito ma appare del tutto improbabile che Forza Italia e soci abdichino alla propria identit\u00e0. Tra i futuri candidati a sostegno di Bramanti, c\u2019\u00e8 pure chi ha sottolineato il rischio che avrebbe la mancata presentazione dei simboli di partito, un gesto che sarebbe paragonabile alla classica polvere messa sotto il tappeto. L\u2019obiettivo \u00e8 chiaro, vincere al primo turno ed evitare cos\u00ec cattive sorprese al ballottaggio.<div id=\"videoincontent\" style=\"clear:both\";><\/div><\/p>\n<p style=\"text-align: justify\">Il candidato sindaco per\u00f2 punta ad un progetto inclusivo, il dialogo non \u00e8 negato a nessuno ma occorrer\u00e0 chiarire alcuni punti. Il rebus da risolvere \u00e8 quello che riguarda la presidente del Consiglio Comunale, Emilia Barrile, che domenica alle 11 a Palazzo Zanca presenter\u00e0 il proprio progetto politico.<\/p>\n<p style=\"text-align: justify\">I colloqui con Bramanti non sono mancati, pi\u00f9 volte il candidato del centrodestra ha espresso la volont\u00e0 di includere nei propri piani la Barrile, che per\u00f2 adesso deve sciogliere le proprie riserve dopo l\u2019addio al gruppo Genovese maturato dopo la mancata candidatura alla Camera. Domenica sar\u00e0 il giorno della verit\u00e0, l\u2019entourage di Bramanti crede nella possibilit\u00e0 di avere al proprio fianco anche la Barrile, che per\u00f2 chiede delle garanzie.<\/p>\n","protected":false},"excerpt":{"rendered":"<p>Il sipario sul progetto politico di Dino Bramanti si \u00e8 alzato, adesso per il centrodestra \u00e8 il momento di mettersi al lavoro. Le liste si stanno organizzando, per alcune c\u2019\u00e8 da limare alcuni dettagli anche se l\u2019ex direttore scientifico continua a sottolineare la necessit\u00e0 di dare un respiro sempre meno politico a questa avventura. Tradotto [&hellip;]<\/p>\n","protected":false},"author":14,"featured_media":17686,"comment_status":"closed","ping_status":"open","sticky":false,"template":"","format":"standard","meta":{"ub_ctt_via":"","_mi_skip_tracking":false},"categories":[6],"tags":[],"featured_image_src":"https:\/\/www.messinaoggi.it\/website\/wp-content\/uploads\/2018\/03\/candidatura-bramanti_8209-1.jpg","author_info":{"display_name":"Antonio Macauda","author_link":"https:\/\/www.messinaoggi.it\/website\/author\/a-macauda\/"},"digistream_id":0,"digistream":false,"_links":{"self":[{"href":"https:\/\/www.messinaoggi.it\/website\/wp-json\/wp\/v2\/posts\/17835"}],"collection":[{"href":"https:\/\/www.messinaoggi.it\/website\/wp-json\/wp\/v2\/posts"}],"about":[{"href":"https:\/\/www.messinaoggi.it\/website\/wp-json\/wp\/v2\/types\/post"}],"author":[{"embeddable":true,"href":"https:\/\/www.messinaoggi.it\/website\/wp-json\/wp\/v2\/users\/14"}],"replies":[{"embeddable":true,"href":"https:\/\/www.messinaoggi.it\/website\/wp-json\/wp\/v2\/comments?post=17835"}],"version-history":[{"count":0,"href":"https:\/\/www.messinaoggi.it\/website\/wp-json\/wp\/v2\/posts\/17835\/revisions"}],"wp:featuredmedia":[{"embeddable":true,"href":"https:\/\/www.messinaoggi.it\/website\/wp-json\/wp\/v2\/media\/17686"}],"wp:attachment":[{"href":"https:\/\/www.messinaoggi.it\/website\/wp-json\/wp\/v2\/media?parent=17835"}],"wp:term":[{"taxonomy":"category","embeddable":true,"href":"https:\/\/www.messinaoggi.it\/website\/wp-json\/wp\/v2\/categories?post=17835"},{"taxonomy":"post_tag","embeddable":true,"href":"https:\/\/www.messinaoggi.it\/website\/wp-json\/wp\/v2\/tags?post=17835"}],"curies":[{"name":"wp","href":"https:\/\/api.w.org\/{rel}","templated":true}]}}