{"id":178261,"date":"2023-11-25T16:06:55","date_gmt":"2023-11-25T15:06:55","guid":{"rendered":"http:\/\/www.messinaoggi.it\/website\/?p=178261"},"modified":"2023-11-26T15:36:51","modified_gmt":"2023-11-26T14:36:51","slug":"elezioni-rettore-i-voti-sono-per-o-di-moschella","status":"publish","type":"post","link":"https:\/\/www.messinaoggi.it\/website\/2023\/11\/25\/elezioni-rettore-i-voti-sono-per-o-di-moschella\/","title":{"rendered":"Elezioni rettore, i voti sono per o di Moschella?"},"content":{"rendered":"\n<p>L\u2019improvviso appoggio del prof. Giovanni Moschella alla professoressa Giovanna Spatari ha spiazzato, forse solo in parte, la comunit\u00e0 accademica. Il prof. Moschella, vale la pena ricordarlo, \u00e8 stato il prorettore vicario dell\u2019allora rettore Salvatore Cuzzocrea sino a qualche mese fa, salvo poi dimettersi da tale incarico dopo l\u2019ufficializzazione della candidatura della professoressa Spatari perch\u00e9, a detta del docente, si era \u201cincrinato il rapporto di fiducia\u201d con il rettore. La candidatura del prof. Moschella era giunta poco dopo le burrascose dimissioni del prof. Salvatore Cuzzocrea per il caso rimborsi, ed era stata motivata dal fatto che l\u2019ex protettore vicario si presentava come alternativa tra la professoressa Spatari, in continuit\u00e0 con la governance uscente, e il prof. Michele Limosani, che sin dalla scorsa estate si \u00e8 presentato come candidato di rottura rispetto al rettorato di Cuzzocrea.<div id=\"div-gpt-ad-Messinaoggi.it-DSK-300x250-corpoart\" style=\"text-align:center;margin:0 auto;\"><\/div><\/p>\n\n\n\n<p>Il prof. Moschella, insomma, cercava di presentarsi come candidato che potesse cogliere quella parte di elettorato che non si riconosceva n\u00e9 nella professoressa Spatari, n\u00e9 nel prof. Limosani. \u00c8 chiaro, pertanto, che il posizionamento cos\u00ec netto del prof. Moschella a favore della professoressa Spatari abbia sorpreso i pi\u00f9, quantomeno i meno attenti alle vicende politiche inerenti all\u2019Universit\u00e0 di Messina. Alcuni, infatti, davano quasi per scontato un tale epilogo. Il prof. Limosani, ad esempio, in un passaggio della sua riflessione pubblicata dopo l\u2019ufficializzazione dell\u2019endorsement del prof. Moschella alla professoressa Spatari, ha lasciato intendere che la candidatura del prof. Moschella sia stata sin dall\u2019inizio un pretesto per drenare voti nei suoi confronti, con l\u2019obiettivo di riversarli a tempo debito a favore della professoressa Spatari: \u201c<em>O, magari, [\u2026] le sue strategie [di Moschella, ndr], sin dall\u2019inizio, prevedevano di cercare di drenare il consenso nei miei confronti, per poi arrivare a questo finale\u2026<\/em>\u201d, ha affermato il prof. Limosani.<div id=\"videoincontent\" style=\"clear:both\";><\/div><\/p>\n\n\n\n<p>Per\u00f2, al di l\u00e0 di quali siano state le effettive motivazioni che hanno spinto il prof. Moschella a scendere in campo nella competizione per l\u2019elezione del futuro rettore, se genuine o meno, la domanda che sorge spontanea \u00e8: i voti sono <strong>per<\/strong> o <strong>di<\/strong> Moschella? Il cambio di preposizione non \u00e8 solo questione di stile, ma ha anche un significato sostanziale, cruciale per capire quale sar\u00e0 l\u2019esito del ballottaggio di luned\u00ec. Quei 125 voti ponderati che ha ottenuto il prof. Moschella al primo turno sono frutto di preferenze di coloro che ne sposavano i contenuti del programma, presentato inizialmente come alternativo rispetto a quelli degli altri due candidati, oppure sono da ricondurre ai cosiddetti \u201cfedelissimi\u201d, cio\u00e8 persone che hanno votato il prof. Moschella perch\u00e9 \u00e8 il prof. Moschella?<\/p>\n\n\n\n<p>Ovviamente, \u00e8 verosimile che una parte di questi voti sia da ricondurre alla prima categoria, mentre la rimanente parte alla seconda. Tra l\u2019altro, lo stesso Sebastiano Caspanello, giornalista presso la Gazzetta del Sud di solito ben informato sulle dinamiche elettorali dentro l\u2019Ateneo peloritano, ha spiegato in un suo articolo che, stando ad alcune indiscrezioni, l\u2019accordo tra il prof. Moschella e la professoressa Spatari \u201c<em>non troverebbe consensi unanimi nel gruppo che ha sostenuto finora il prof. Moschella<\/em>\u201d. Non ci resta che aspettare lo spoglio di marted\u00ec per vedere come si concluder\u00e0 la competizione per l\u2019elezione del prossimo rettore dell\u2019Universit\u00e0 di Messina. Una cosa \u00e8 certa: elezioni del rettore di questo tipo non se ne vedevano probabilmente da decenni, il risultato finale di tale gara \u00e8 tutto fuorch\u00e9 scontato.<\/p>\n","protected":false},"excerpt":{"rendered":"<p>L\u2019improvviso appoggio del prof. Giovanni Moschella alla professoressa Giovanna Spatari ha spiazzato, forse solo in parte, la comunit\u00e0 accademica. Il prof. Moschella, vale la pena ricordarlo, \u00e8 stato il prorettore vicario dell\u2019allora rettore Salvatore Cuzzocrea sino a qualche mese fa, salvo poi dimettersi da tale incarico dopo l\u2019ufficializzazione della candidatura della professoressa Spatari perch\u00e9, a [&hellip;]<\/p>\n","protected":false},"author":8,"featured_media":19580,"comment_status":"open","ping_status":"open","sticky":false,"template":"","format":"standard","meta":{"ub_ctt_via":"","_mi_skip_tracking":false},"categories":[6],"tags":[8625,8626,8894,5552],"featured_image_src":"https:\/\/www.messinaoggi.it\/website\/wp-content\/uploads\/2018\/05\/cerimonia-onore-al-merito-2017-cuzzocrea-di-bella-moschella-1-e1697537052414.jpg","author_info":{"display_name":"red..me","author_link":"https:\/\/www.messinaoggi.it\/website\/author\/redstage\/"},"digistream_id":0,"digistream":false,"_links":{"self":[{"href":"https:\/\/www.messinaoggi.it\/website\/wp-json\/wp\/v2\/posts\/178261"}],"collection":[{"href":"https:\/\/www.messinaoggi.it\/website\/wp-json\/wp\/v2\/posts"}],"about":[{"href":"https:\/\/www.messinaoggi.it\/website\/wp-json\/wp\/v2\/types\/post"}],"author":[{"embeddable":true,"href":"https:\/\/www.messinaoggi.it\/website\/wp-json\/wp\/v2\/users\/8"}],"replies":[{"embeddable":true,"href":"https:\/\/www.messinaoggi.it\/website\/wp-json\/wp\/v2\/comments?post=178261"}],"version-history":[{"count":4,"href":"https:\/\/www.messinaoggi.it\/website\/wp-json\/wp\/v2\/posts\/178261\/revisions"}],"predecessor-version":[{"id":178337,"href":"https:\/\/www.messinaoggi.it\/website\/wp-json\/wp\/v2\/posts\/178261\/revisions\/178337"}],"wp:featuredmedia":[{"embeddable":true,"href":"https:\/\/www.messinaoggi.it\/website\/wp-json\/wp\/v2\/media\/19580"}],"wp:attachment":[{"href":"https:\/\/www.messinaoggi.it\/website\/wp-json\/wp\/v2\/media?parent=178261"}],"wp:term":[{"taxonomy":"category","embeddable":true,"href":"https:\/\/www.messinaoggi.it\/website\/wp-json\/wp\/v2\/categories?post=178261"},{"taxonomy":"post_tag","embeddable":true,"href":"https:\/\/www.messinaoggi.it\/website\/wp-json\/wp\/v2\/tags?post=178261"}],"curies":[{"name":"wp","href":"https:\/\/api.w.org\/{rel}","templated":true}]}}