{"id":17824,"date":"2018-04-05T09:47:45","date_gmt":"2018-04-05T07:47:45","guid":{"rendered":"http:\/\/www.messinaoggi.it\/website\/?p=17824"},"modified":"2018-04-05T09:47:45","modified_gmt":"2018-04-05T07:47:45","slug":"chirurgia-orale-al-via-il-ciclo-di-corsi-di-alta-formazione-tenuti-dal-prof-matteo-chiapasco","status":"publish","type":"post","link":"https:\/\/www.messinaoggi.it\/website\/2018\/04\/05\/chirurgia-orale-al-via-il-ciclo-di-corsi-di-alta-formazione-tenuti-dal-prof-matteo-chiapasco\/","title":{"rendered":"Chirurgia orale, al via il ciclo di corsi di Alta formazione tenuti dal prof. Matteo Chiapasco"},"content":{"rendered":"<p class=\"p1\" style=\"text-align: justify;\"><span class=\"s1\">Ha riscosso un grande successo il primo dei tre incontri del corso di Alta formazione in Chirurgia orale e \u00a0chirurgia rigenerativa \u00a0associata all\u2019implantologia osseointegrata programmato per il 2018 e 2019 \u00a0e diretto dal prof. <strong>Matteo Chiapasco<\/strong>, luminare della materia ed indiscusso punto di riferimento nazionale ed internazionale per odontoiatri e chirurghi maxillo-facciali.<\/span><div id=\"div-gpt-ad-Messinaoggi.it-DSK-300x250-corpoart\" style=\"text-align:center;margin:0 auto;\"><\/div><\/p>\n<p style=\"text-align: justify;\"><img loading=\"lazy\" class=\"size-medium wp-image-17778 alignleft\" src=\"http:\/\/www.messinaoggi.it\/website\/wp-content\/uploads\/2018\/04\/09A62091-D8B8-45A9-BB8C-E8FD72BA25F9-300x225.jpeg\" alt=\"\" width=\"300\" height=\"225\" \/><span class=\"s1\">Il primo incontro teorico-pratico, svoltosi il 23 e 24 Marzo 2018 presso la clinica del dott. <strong>Santo Trovato,<\/strong> e reso possibile grazie anche alla collaborazione dell\u2019azienda \u201c<em>3p implafavorite<\/em>\u201d, \u00a0ha rappresentato per la nostra citt\u00e0 un\u2019occasione fondamentale per la formazione di medici ed odontoiatri desiderosi di tenersi aggiornati sulle pi\u00f9 avanzate ed attuali tecniche di chirurgia orale e \u00a0chirurgia rigenerativa \u00a0associata all\u2019implantologia osseointegrata .<\/span><div id=\"videoincontent\" style=\"clear:both\";><\/div><\/p>\n<p class=\"p1\" style=\"text-align: justify;\"><span class=\"s1\">L\u2019iniziativa, proposta dall\u2019organizzatore, il dott. <strong>Trovato<\/strong>, vuole essere una concreta risposta alla &#8220;fuga al Nord&#8221; dei nostri professionisti desiderosi di ampliare la loro formazione.<img loading=\"lazy\" class=\" wp-image-17777 alignright\" src=\"http:\/\/www.messinaoggi.it\/website\/wp-content\/uploads\/2018\/04\/80200450-55FB-4ECB-91C3-4D9AD5787F57-212x300.jpeg\" alt=\"\" width=\"168\" height=\"238\" \/><\/span><\/p>\n<p class=\"p1\" style=\"text-align: justify;\"><span class=\"s1\">La didattica teorica associata ad interventi &#8220;in diretta\u201d sotto la guida del <strong>Prof. Chiapasco<\/strong> forniranno un&#8217;enorme quantit\u00e0 di informazioni ai partecipanti che potranno trarre vantaggi \u00a0immediati nella loro attivit\u00e0 chirurgica quotidiana, ampliando cos\u00ec le possibilit\u00e0 terapeutiche nei confronti di pazienti che necessitano di interventi pi\u00f9 complessi nel campo dell\u2019odontostomatologia.<\/span><\/p>\n<p class=\"p1\" style=\"text-align: justify;\"><span class=\"s1\"><strong>Matteo Chiapasco<\/strong> \u00e8\u00a0<\/span><span class=\"s1\">Professore Associato di Malattie Odontostomatologiche dell\u2019Universit\u00e0 di Milano; s<\/span><span class=\"s1\">pecialista in chirurgia maxillo-facciale e\u00a0<\/span><span class=\"s1\">Direttore dell&#8217;Unit\u00e0 Clinica di Chirurgia Orale dell&#8217;Universit\u00e0 di Milano.<\/span><\/p>\n<p> <\/p>\n<p class=\"p1\">\n","protected":false},"excerpt":{"rendered":"<p>Ha riscosso un grande successo il primo dei tre incontri del corso di Alta formazione in Chirurgia orale e \u00a0chirurgia rigenerativa \u00a0associata all\u2019implantologia osseointegrata programmato per il 2018 e 2019 \u00a0e diretto dal prof. Matteo Chiapasco, luminare della materia ed indiscusso punto di riferimento nazionale ed internazionale per odontoiatri e chirurghi maxillo-facciali. Il primo incontro [&hellip;]<\/p>\n","protected":false},"author":2,"featured_media":17782,"comment_status":"closed","ping_status":"open","sticky":false,"template":"","format":"standard","meta":{"ub_ctt_via":"","_mi_skip_tracking":false},"categories":[5],"tags":[],"featured_image_src":"https:\/\/www.messinaoggi.it\/website\/wp-content\/uploads\/2018\/04\/16F7115D-18B3-4DE2-859E-E8BB75335B11-1.jpeg","author_info":{"display_name":"Redazione","author_link":"https:\/\/www.messinaoggi.it\/website\/author\/redazione\/"},"digistream_id":0,"digistream":false,"_links":{"self":[{"href":"https:\/\/www.messinaoggi.it\/website\/wp-json\/wp\/v2\/posts\/17824"}],"collection":[{"href":"https:\/\/www.messinaoggi.it\/website\/wp-json\/wp\/v2\/posts"}],"about":[{"href":"https:\/\/www.messinaoggi.it\/website\/wp-json\/wp\/v2\/types\/post"}],"author":[{"embeddable":true,"href":"https:\/\/www.messinaoggi.it\/website\/wp-json\/wp\/v2\/users\/2"}],"replies":[{"embeddable":true,"href":"https:\/\/www.messinaoggi.it\/website\/wp-json\/wp\/v2\/comments?post=17824"}],"version-history":[{"count":0,"href":"https:\/\/www.messinaoggi.it\/website\/wp-json\/wp\/v2\/posts\/17824\/revisions"}],"wp:featuredmedia":[{"embeddable":true,"href":"https:\/\/www.messinaoggi.it\/website\/wp-json\/wp\/v2\/media\/17782"}],"wp:attachment":[{"href":"https:\/\/www.messinaoggi.it\/website\/wp-json\/wp\/v2\/media?parent=17824"}],"wp:term":[{"taxonomy":"category","embeddable":true,"href":"https:\/\/www.messinaoggi.it\/website\/wp-json\/wp\/v2\/categories?post=17824"},{"taxonomy":"post_tag","embeddable":true,"href":"https:\/\/www.messinaoggi.it\/website\/wp-json\/wp\/v2\/tags?post=17824"}],"curies":[{"name":"wp","href":"https:\/\/api.w.org\/{rel}","templated":true}]}}