{"id":177965,"date":"2023-11-23T16:41:11","date_gmt":"2023-11-23T15:41:11","guid":{"rendered":"http:\/\/www.messinaoggi.it\/website\/?p=177965"},"modified":"2023-11-23T16:41:36","modified_gmt":"2023-11-23T15:41:36","slug":"insieme-per-la-non-violenza-il-filo-rosso-che-unisce-scuola-e-territorio","status":"publish","type":"post","link":"https:\/\/www.messinaoggi.it\/website\/2023\/11\/23\/insieme-per-la-non-violenza-il-filo-rosso-che-unisce-scuola-e-territorio\/","title":{"rendered":"&#8220;Insieme per la Non Violenza&#8221;, il filo rosso che unisce scuola e territorio"},"content":{"rendered":"\n<p>La violenza sulla donna \u00e8 il sintomo di un problema pi\u00f9 ampio e complesso. Bisogna sdoganare il concetto di violenza dai luoghi comuni e contrastare il problema lavorando sulle nuove generazioni, insegnando ai giovani che il rispetto e il valore dell\u2019individuo<br>non \u00e8 condizionato da percezioni esterne ma deve diventare un elemento portante della nostra societ\u00e0. Bisogna individuare modelli corretti, imparare ad ascoltare e ad esprimersi senza prevaricazione, lavorare in sinergia.<br>Questo il messaggio del convegno &#8220;Insieme per la NON VIOLENZA: il filo rosso che unisce scuola e territorio&#8221; che si svolger\u00e0 venerd\u00ec alle 9,30, presso il Salone degli Specchi a Palazzo dei Leoni, Messina, in occasione della Giornata Internazionale per l&#8217;eliminazione della violenza contro le donne. Evento patrocinato dall\u2019Amministrazione comunale della Citt\u00e0<br>Metropolitana di Messina, promosso da ESFO Ente Superiore Formazione Orientamento, con la collaborazione di Terza Municipalit\u00e0 e ACISJF. Per educare la societ\u00e0 bisogna partire dalle nuove generazioni, creando una rete di collaborazioni su tutto il territorio, coinvolgendo le istituzioni, le famiglie e soprattutto le scuole, luoghi cruciali di<br>crescita e formazione. Da oltre un anno infatti \u2013 fa sapere la Responsabile e Tutor della sede ESFO di Messina, Rosy Danzino \u2013 \u00e8 stato attivato uno Sportello Ascolto nella scuola e verr\u00e0 siglato un protocollo d\u2019intesa con la Stanza Rosa.<br>Il convegno &#8220;Insieme per la NON VIOLENZA: il filo rosso che unisce scuola e territorio&#8221; inizier\u00e0<br>con i saluti Istituzionali dell\u2019Amministrazione comunale di Messina e verr\u00e0 moderato da Danzino Rosy, responsabile sede ESFO Messina.<br>Si entrer\u00e0 nel vivo con gli interventi del Segretario nazionale UIL Polizia Rosaria Maira,<br>Coordinatrice nazionale Mobbing e Stalking, Giusj Reale Ruffino Psicologa del Coordinamento Mobbing e Stalking UIL Polizia, Stello Vadal\u00e0 Provveditore agli Studi di Messina, Grazia Patan\u00e8 Dirigente Scolastico dell\u2019Istituto Albino Luciani e Responsabile Osservatorio per la dispersione<br>scolastica, Moira Casella Psicologa e Responsabile Centro Ascolto ESFO, Maria Claudia Giordano Avvocato Cassazionista, specializzata in Diritto di Famiglia, Affronte Rosaria scrittrice. Seguir\u00e0 un dibattito e una performance degli allievi di Antonella Gargano.<br>L\u2019incontro di domani \u00e8 molto importante, si firmer\u00e0 un protocollo di intesa tra UIL Polizia, la scuola e AGATHOS, associazione da sempre impegnata sul territorio contro ogni forma di violenza.<br>Il protocollo di intesa prevede di affrontare il problema in modo innovativo e colloquiale,<br>ascoltando e dialogando con i ragazzi, cos\u00ec da partire dalla rieducazione al rispetto dell&#8217;altro. Questo \u00e8 possibile grazie all&#8217;importante impegno degli insegnanti, dei volontari e degli psicologi che hanno aderito al programma&#8221;.<br>Rosaria Maira \u00e8 responsabile nazionale del coordinamento mobbing e stalking della UIL polizia, impegnata sul fronte delle criticit\u00e0 sociali. Inoltre Rosaria Maira \u00e8 la prima donna ad essere stata nominata Segretario nazionale di un sindacato di polizia, incarichi prettamente maschili fino a pochi anni fa.<br>Il protocollo d\u2019intesa che verr\u00e0 stipulato domani rappresenta un altro importante traguardo della UIL polizia, impegnata su tutto il territorio nazionale, infatti \u00e8 gi\u00e0 stato allacciato un protocollo d&#8217;intesa con diverse Onlus che si occupano di violenza \u201cin genere\u201d e non soltanto \u201cdi genere\u201d.<br>&#8220;\u00c8 necessario intervenire sull\u2019educazione e sul rispetto dei valori, investendo su figure di<br>riferimento specifiche, quindi pi\u00f9 insegnanti di educazione civica e meno influencers. La violenza, va specificato ulteriormente, non \u00e8 una questione prettamente legata al genere, ma riguarda la mancanza di rispetto generalizzata per l&#8217;individualit\u00e0 di ognuno di noi. Bisogna partire dal presupposto &#8211; precisa Rosaria Maira &#8211;  che ogni individuo deve essere rispettato nelle sue peculiarit\u00e0, ribadendo che nell&#8217;ottica sociale la libert\u00e0 del singolo finisce dove inizia la libert\u00e0 dell\u2019altro. Si tratta di un concetto talmente semplice da sembrare banale, eppure, a quanto pare, difficile da applicare nella societ\u00e0 odierna. Ritengo che fino a quando si continuer\u00e0 ad esasperare le diversit\u00e0 e a non RISPETTARLE quali caratteristiche peculiari dell\u2019individuo, si creer\u00e0 solo altra confusione, demarcando ulteriormente differenze che tali non sono. Non a caso l\u2019esasperazione delle disuguaglianze e la costruzione di<br>identit\u00e0 distorte, che diventano portavoce di ideali deformanti, rappresentano uno dei fenomeni distruttivi della post-modernit\u00e0. In questa chiave tutte le violenze non sono altro che sintomi di un malessere molto pi\u00f9 vasto&#8221;.<div id=\"div-gpt-ad-Messinaoggi.it-DSK-300x250-corpoart\" style=\"text-align:center;margin:0 auto;\"><\/div><\/p>\n<div id=\"videoincontent\" style=\"clear:both\";><\/div>","protected":false},"excerpt":{"rendered":"<p>La violenza sulla donna \u00e8 il sintomo di un problema pi\u00f9 ampio e complesso. Bisogna sdoganare il concetto di violenza dai luoghi comuni e contrastare il problema lavorando sulle nuove generazioni, insegnando ai giovani che il rispetto e il valore dell\u2019individuonon \u00e8 condizionato da percezioni esterne ma deve diventare un elemento portante della nostra societ\u00e0. [&hellip;]<\/p>\n","protected":false},"author":4,"featured_media":177966,"comment_status":"open","ping_status":"open","sticky":false,"template":"","format":"standard","meta":{"ub_ctt_via":"","_mi_skip_tracking":false},"categories":[5],"tags":[4826,3492],"featured_image_src":"https:\/\/www.messinaoggi.it\/website\/wp-content\/uploads\/2023\/11\/IMG-20231123-WA0025.jpg","author_info":{"display_name":"redme","author_link":"https:\/\/www.messinaoggi.it\/website\/author\/redme\/"},"digistream_id":0,"digistream":false,"_links":{"self":[{"href":"https:\/\/www.messinaoggi.it\/website\/wp-json\/wp\/v2\/posts\/177965"}],"collection":[{"href":"https:\/\/www.messinaoggi.it\/website\/wp-json\/wp\/v2\/posts"}],"about":[{"href":"https:\/\/www.messinaoggi.it\/website\/wp-json\/wp\/v2\/types\/post"}],"author":[{"embeddable":true,"href":"https:\/\/www.messinaoggi.it\/website\/wp-json\/wp\/v2\/users\/4"}],"replies":[{"embeddable":true,"href":"https:\/\/www.messinaoggi.it\/website\/wp-json\/wp\/v2\/comments?post=177965"}],"version-history":[{"count":1,"href":"https:\/\/www.messinaoggi.it\/website\/wp-json\/wp\/v2\/posts\/177965\/revisions"}],"predecessor-version":[{"id":177967,"href":"https:\/\/www.messinaoggi.it\/website\/wp-json\/wp\/v2\/posts\/177965\/revisions\/177967"}],"wp:featuredmedia":[{"embeddable":true,"href":"https:\/\/www.messinaoggi.it\/website\/wp-json\/wp\/v2\/media\/177966"}],"wp:attachment":[{"href":"https:\/\/www.messinaoggi.it\/website\/wp-json\/wp\/v2\/media?parent=177965"}],"wp:term":[{"taxonomy":"category","embeddable":true,"href":"https:\/\/www.messinaoggi.it\/website\/wp-json\/wp\/v2\/categories?post=177965"},{"taxonomy":"post_tag","embeddable":true,"href":"https:\/\/www.messinaoggi.it\/website\/wp-json\/wp\/v2\/tags?post=177965"}],"curies":[{"name":"wp","href":"https:\/\/api.w.org\/{rel}","templated":true}]}}