{"id":177733,"date":"2023-11-22T11:38:25","date_gmt":"2023-11-22T10:38:25","guid":{"rendered":"http:\/\/www.messinaoggi.it\/website\/?p=177733"},"modified":"2023-11-22T11:38:30","modified_gmt":"2023-11-22T10:38:30","slug":"giornata-dellalbero-bambini-delle-scuole-piantano-alberi","status":"publish","type":"post","link":"https:\/\/www.messinaoggi.it\/website\/2023\/11\/22\/giornata-dellalbero-bambini-delle-scuole-piantano-alberi\/","title":{"rendered":"Giornata dell&#8217;albero, bambini delle scuole piantano alberi"},"content":{"rendered":"\n<p>Ieri, in occasione della Giornata nazionale degli alberi, l\u2019Amministrazione del sindaco <strong>Federico Basile<\/strong> ha organizzato, nell\u2019ambito del progetto Messina 2030, due momenti di sensibilizzazione negli asili nido e negli spazi gioco della Messina Social City per sensibilizzare i pi\u00f9 piccini sull\u2019importanza degli alberi come specie vivente per la salvaguardia della biodiversit\u00e0 e degli equilibri del nostro Pianeta. Alle due attivit\u00e0 di piantumazione di alberelli, la prima nella piazzetta di Montepiselli e la seconda nella pineta sempre di Montepiselli, hanno preso parte le assessore <strong>Alessandra Calafiore <\/strong>e<strong> Liana Cannata <\/strong>e la presidente dell\u2019Azienda Speciale Messina Social City, che hanno avuto modo di assistere alle operazioni di piantumazione da parte di bambini accompagnati dagli educatori della MSC, cui hanno partecipato anche gli alunni dell\u2019Istituto Comprensivo Paino Gravitelli.<div id=\"div-gpt-ad-Messinaoggi.it-DSK-300x250-corpoart\" style=\"text-align:center;margin:0 auto;\"><\/div><\/p>\n\n\n\n<p>\u201cNon soltanto piantare un albero, ma l\u2019obiettivo di questa iniziativa \u2013 <strong>evidenziano le tre rappresentanti dell\u2019Amministrazione Basile<\/strong> &#8211; \u00e8 coinvolgere attivamente i bambini in tutte le fasi della crescita delle piante attraverso la cura quotidiana al fine di sviluppare gi\u00e0 dalla loro tenera et\u00e0 una coscienza ecologica costruttiva, e prendere consapevolezza chela presenza di aree verdi nella propria Citt\u00e0 e la loro fruizione hanno ricadute benefiche sulla qualit\u00e0 della vita di noi cittadini\u201d.<div id=\"videoincontent\" style=\"clear:both\";><\/div><\/p>\n","protected":false},"excerpt":{"rendered":"<p>Ieri, in occasione della Giornata nazionale degli alberi, l\u2019Amministrazione del sindaco Federico Basile ha organizzato, nell\u2019ambito del progetto Messina 2030, due momenti di sensibilizzazione negli asili nido e negli spazi gioco della Messina Social City per sensibilizzare i pi\u00f9 piccini sull\u2019importanza degli alberi come specie vivente per la salvaguardia della biodiversit\u00e0 e degli equilibri del [&hellip;]<\/p>\n","protected":false},"author":15,"featured_media":177734,"comment_status":"open","ping_status":"open","sticky":false,"template":"","format":"standard","meta":{"ub_ctt_via":"","_mi_skip_tracking":false},"categories":[5],"tags":[9123,8360,9124,1145],"featured_image_src":"https:\/\/www.messinaoggi.it\/website\/wp-content\/uploads\/2023\/11\/655b81f2176f1.jpeg","author_info":{"display_name":"red.me","author_link":"https:\/\/www.messinaoggi.it\/website\/author\/red-me\/"},"digistream_id":0,"digistream":false,"_links":{"self":[{"href":"https:\/\/www.messinaoggi.it\/website\/wp-json\/wp\/v2\/posts\/177733"}],"collection":[{"href":"https:\/\/www.messinaoggi.it\/website\/wp-json\/wp\/v2\/posts"}],"about":[{"href":"https:\/\/www.messinaoggi.it\/website\/wp-json\/wp\/v2\/types\/post"}],"author":[{"embeddable":true,"href":"https:\/\/www.messinaoggi.it\/website\/wp-json\/wp\/v2\/users\/15"}],"replies":[{"embeddable":true,"href":"https:\/\/www.messinaoggi.it\/website\/wp-json\/wp\/v2\/comments?post=177733"}],"version-history":[{"count":1,"href":"https:\/\/www.messinaoggi.it\/website\/wp-json\/wp\/v2\/posts\/177733\/revisions"}],"predecessor-version":[{"id":177735,"href":"https:\/\/www.messinaoggi.it\/website\/wp-json\/wp\/v2\/posts\/177733\/revisions\/177735"}],"wp:featuredmedia":[{"embeddable":true,"href":"https:\/\/www.messinaoggi.it\/website\/wp-json\/wp\/v2\/media\/177734"}],"wp:attachment":[{"href":"https:\/\/www.messinaoggi.it\/website\/wp-json\/wp\/v2\/media?parent=177733"}],"wp:term":[{"taxonomy":"category","embeddable":true,"href":"https:\/\/www.messinaoggi.it\/website\/wp-json\/wp\/v2\/categories?post=177733"},{"taxonomy":"post_tag","embeddable":true,"href":"https:\/\/www.messinaoggi.it\/website\/wp-json\/wp\/v2\/tags?post=177733"}],"curies":[{"name":"wp","href":"https:\/\/api.w.org\/{rel}","templated":true}]}}