{"id":177720,"date":"2023-11-22T09:58:57","date_gmt":"2023-11-22T08:58:57","guid":{"rendered":"http:\/\/www.messinaoggi.it\/website\/?p=177720"},"modified":"2023-11-22T09:58:59","modified_gmt":"2023-11-22T08:58:59","slug":"meteo-calano-le-temperature-ma-non-troppo","status":"publish","type":"post","link":"https:\/\/www.messinaoggi.it\/website\/2023\/11\/22\/meteo-calano-le-temperature-ma-non-troppo\/","title":{"rendered":"Meteo, calano le temperature ma non troppo"},"content":{"rendered":"\n<p>Calano le temperature un po&#8217; in tutte le regioni del continente europeo, Sicilia compresa, anche se la portata di questo calo dipender\u00e0 da regione a regione. Se ad esempio nei paesi del centro e nord Europa questo calo sar\u00e0 pi\u00f9 marcato, nel Mediterraneo, e dunque anche in Sicilia, si osserver\u00e0 una diminuzione delle temperature pi\u00f9 mitigata. In ogni caso, cos\u00ec come sottolineato dal meteorologo messinese Alessio Campobello, \u00e8 ancora presto per parlare dell&#8217;inizio, sotto un profilo meteorologico, di un vero e proprio inverno.<div id=\"div-gpt-ad-Messinaoggi.it-DSK-300x250-corpoart\" style=\"text-align:center;margin:0 auto;\"><\/div><\/p>\n\n\n\n<p>&#8220;Ecmwf elucubra una transeunte frizzantata che interesser\u00e0 transeuntemente la Sicilia orientale fra domenica sera e luned\u00ec mattina. &#8211; dichiara Campobello &#8211; Una insignificante -1 a 850 hpa accarezzer\u00e0 sterilmente il messinese, mentre un vastissimo lago di aria gelida si consolida notevolmente sul comparto orientale. Freddo pungente in Polonia, Baltico, Russia, Ungheria, Romania e perfino penisola ellenica, con massime al livello del mare non superiori a &#8211; 2 o allo 0 termico.<div id=\"videoincontent\" style=\"clear:both\";><\/div><\/p>\n\n\n\n<p>&#8220;Noi avremo massime di 12\u00b0 al livello del mare, sicuramente una bella refrigerata, ma non si pu\u00f2 assolutamente scomodare la terminologia &#8220;invernata&#8221;, assolutamente fuori luogo. Le tendenze del tempo a medio-lungo termine prefigurano che questo enorme polmone gelido W-shifer\u00e0 di molti km, interessando anche l&#8217;Europa centrale, paesi bassi e Regno Unito. Leone inverno presceglier\u00e0 questi lidi, snobbando la Sicilia&#8221;.<\/p>\n","protected":false},"excerpt":{"rendered":"<p>Calano le temperature un po&#8217; in tutte le regioni del continente europeo, Sicilia compresa, anche se la portata di questo calo dipender\u00e0 da regione a regione. Se ad esempio nei paesi del centro e nord Europa questo calo sar\u00e0 pi\u00f9 marcato, nel Mediterraneo, e dunque anche in Sicilia, si osserver\u00e0 una diminuzione delle temperature pi\u00f9 [&hellip;]<\/p>\n","protected":false},"author":8,"featured_media":177721,"comment_status":"open","ping_status":"open","sticky":false,"template":"","format":"standard","meta":{"ub_ctt_via":"","_mi_skip_tracking":false},"categories":[5],"tags":[1225,178],"featured_image_src":"https:\/\/www.messinaoggi.it\/website\/wp-content\/uploads\/2023\/11\/IMG-20231122-WA0007.jpg","author_info":{"display_name":"red..me","author_link":"https:\/\/www.messinaoggi.it\/website\/author\/redstage\/"},"digistream_id":0,"digistream":false,"_links":{"self":[{"href":"https:\/\/www.messinaoggi.it\/website\/wp-json\/wp\/v2\/posts\/177720"}],"collection":[{"href":"https:\/\/www.messinaoggi.it\/website\/wp-json\/wp\/v2\/posts"}],"about":[{"href":"https:\/\/www.messinaoggi.it\/website\/wp-json\/wp\/v2\/types\/post"}],"author":[{"embeddable":true,"href":"https:\/\/www.messinaoggi.it\/website\/wp-json\/wp\/v2\/users\/8"}],"replies":[{"embeddable":true,"href":"https:\/\/www.messinaoggi.it\/website\/wp-json\/wp\/v2\/comments?post=177720"}],"version-history":[{"count":1,"href":"https:\/\/www.messinaoggi.it\/website\/wp-json\/wp\/v2\/posts\/177720\/revisions"}],"predecessor-version":[{"id":177722,"href":"https:\/\/www.messinaoggi.it\/website\/wp-json\/wp\/v2\/posts\/177720\/revisions\/177722"}],"wp:featuredmedia":[{"embeddable":true,"href":"https:\/\/www.messinaoggi.it\/website\/wp-json\/wp\/v2\/media\/177721"}],"wp:attachment":[{"href":"https:\/\/www.messinaoggi.it\/website\/wp-json\/wp\/v2\/media?parent=177720"}],"wp:term":[{"taxonomy":"category","embeddable":true,"href":"https:\/\/www.messinaoggi.it\/website\/wp-json\/wp\/v2\/categories?post=177720"},{"taxonomy":"post_tag","embeddable":true,"href":"https:\/\/www.messinaoggi.it\/website\/wp-json\/wp\/v2\/tags?post=177720"}],"curies":[{"name":"wp","href":"https:\/\/api.w.org\/{rel}","templated":true}]}}